{"id":4817,"date":"2021-08-13T12:34:06","date_gmt":"2021-08-13T10:34:06","guid":{"rendered":"https:\/\/www.centromevis.cat\/?p=4817"},"modified":"2025-02-18T14:19:50","modified_gmt":"2025-02-18T13:19:50","slug":"detectar-el-que-dispara-la-teva-ansietat","status":"publish","type":"post","link":"https:\/\/www.centromevis.cat\/es\/detectar-el-que-dispara-la-teva-ansietat\/","title":{"rendered":"Detectar lo que dispara tu ansiedad"},"content":{"rendered":"<p><\/p>\n<h2 style=\"text-align: center;\">C\u00f3mo detectar lo que dispara tu ansiedad<\/h2>\n<p style=\"text-align: justify;\">Tenemos una creencia firme y es que hemos venido a este mundo a disfrutar, conectados con nuestra aut\u00e9ntica esencia cumpliendo nuestro prop\u00f3sito de vida.<br \/>\nSi esto se da, la vida es fluida, f\u00e1cil y delante de conflictos, somos capaces de gestionarlos aprendiendo de ellos.<br \/>\nEl problema es que muchas personas viven desconectadas de su esencia, de su Ser y autom\u00e1ticamente se desconectan de sus emociones y de su cuerpo. Esto duele y ocasiona s\u00edntomas muy desagradables como ansiedad, ataques de p\u00e1nico, miedos, crisis y enfermedades.<\/p>\n<p>D\u00e9janos que nosotros, el Centro Mevis, especialistas en <a href=\"https:\/\/www.centromevis.cat\/es\/\"><strong>terapia Gestalt en Girona y Sant Feliu de Gu\u00edxols<\/strong><\/a>, te hablemos de todo ello.<\/p>\n<h3>\u00bfC\u00f3mo hemos llegado hasta este punto de desconexi\u00f3n?<\/h3>\n<p style=\"text-align: justify;\">En base a nuestra experiencia en consulta durante todos estos a\u00f1os, nos damos cuenta que ya en nuestra infancia hemos aprendido a modificar y no atender a nuestras necesidades reales.<br \/>\nNo nos referimos tanto a las necesidades b\u00e1sicas de alimento, higiene, sue\u00f1o&#8230;nos referimos a la necesidad de un apego seguro con nuestros padres o personas que nos criaron.<br \/>\nExiste un claro \u201c <strong>Vac\u00edo Emocional<\/strong>\u201d.<\/p>\n<p style=\"text-align: justify;\">Un ni\u00f1o desde su nacimiento necesita sentirse seguro, protegido, acogido con mucho amor.<br \/>\nSi no se genera ese v\u00ednculo seguro, va a sentir que su vida de alg\u00fan modo est\u00e1 en peligro.<br \/>\nRecordad que los ni\u00f1os no gestionan sus emociones, s\u00f3lo las sienten. Sus padres son todo su mundo.<br \/>\nEsta din\u00e1mica relacional de seguridad se rompe cuando los padres no est\u00e1n presentes. La presencia debe ser f\u00edsica y emocional. Todos necesitamos mimos, contacto, abrazos y sentirnos amados verdad?<br \/>\nSentirse abandonado, rechazado, no visto o incluso maltratado genera un estr\u00e9s incre\u00edble!<br \/>\nY ya os digo que cada uno de nosotros tenemos alg\u00fan ni\u00f1o herido dentro.<\/p>\n<p style=\"text-align: justify;\">Hay muchos adultos que no tuvieron este v\u00ednculo seguro y eso ha hecho que se generaran unos patrones de comportamientos internos da\u00f1inos que adem\u00e1s suelen ser proyectados hacia fuera afectando a nuestras relaciones personales y profesionales.<\/p>\n<p style=\"text-align: justify;\">Lo que vimos y escuchamos en nuestra infancia, en nuestro entorno familiar y escolar tiene un fuerte impacto en nuestro presente.<br \/>\nLa personalidad de una persona se desarrolla los primeros 7 a\u00f1os de vida aproximadamente.<\/p>\n<p style=\"text-align: justify;\">Si a m\u00ed me dijeron en la infancia reiteradamente que era una ni\u00f1a mala por ser curiosa y romper cosas, lo m\u00e1s probable es que me convierta en una adulta impecable, perfecta y exigente para evitar a toda costa recibir cr\u00edticas de nadie.<br \/>\n\u00bfQu\u00e9 he conseguido con esto? Negar una parte de m\u00ed, aut\u00e9ntica y pura porque me dijeron que era malo ser as\u00ed. El ni\u00f1o cree que es mejor cambiar su actitud para no perder a sus padres y asegurarse el amor y el contacto con ellos.<\/p>\n<p style=\"text-align: justify;\">Damos fe, tanto por nuestra experiencia personal y profesional, que hay muchos adultos que han sentido alg\u00fan tipo de abandono y soledad en su infancia. Al iniciar su proceso terap\u00e9utico y de desarrollo personal se han dado cuenta del gran impacto y la repercusi\u00f3n que han generado estos hechos en sus vidas.<\/p>\n<p style=\"text-align: justify;\">Los miedos y la ansiedad aparecen porque el cerebro tiene un mecanismo de supervivencia. La am\u00edgdala ( torre de control y vigilancia del cerebro) detecta un peligro o amenaza, real o no, y el cuerpo se prepara para luchar y defenderse o para salir corriendo.<br \/>\nAqu\u00ed es donde el Sistema Nervioso Aut\u00f3nomo se dispara y segrega una gran cantidad de hormonas del estr\u00e9s, la adrenalina y el cortisol.<\/p>\n<p style=\"text-align: justify;\">Os imagin\u00e1is vivir en este estado de alerta constante donde tus niveles de estr\u00e9s siempre est\u00e1n disparados y sientes miedo constante? Buff, es que realmente vivir viendo leones amenazantes por todos lados es agotador!!! o no?<\/p>\n<h3>Os pongo un ejemplo muy com\u00fan:<\/h3>\n<p style=\"text-align: justify;\">Cuando Sandra ten\u00eda 4 a\u00f1os fue abandonada por su padre. Actualmente tiene 30 a\u00f1os y est\u00e1 en una relaci\u00f3n de pareja desde hace 2 a\u00f1os. Aunque su relaci\u00f3n de pareja es estable ella lo vive con mucho estr\u00e9s. Hace esfuerzos inh\u00f3spitos para cuidar y complacer a su pareja, incluso abandonando sus propias necesidades para permanecer al lado de \u00e9l el m\u00e1ximo tiempo posible.<br \/>\nSandra, inconscientemente, est\u00e1 reviviendo el peligro que sinti\u00f3 cuando su padre la abandon\u00f3.<br \/>\nEste no es un hecho que est\u00e9 sucediendo (aunque puede que la relaci\u00f3n se rompa si esta din\u00e1mica contin\u00faa).<br \/>\nCuando lleg\u00f3 a consulta y empezamos a mirar lo que estaba sucediendo no imaginaba que su rigidez muscular, insomnio, mareos y taquicardias tuvieran que ver con el abandono de su padre.<\/p>\n<h3>\u00bfC\u00f3mo volver al equilibrio?<\/h3>\n<p style=\"text-align: justify;\">Debemos conocer nuestro mundo interno,debemos conocer todas nuestras partes para poder comprender cu\u00e1les son nuestras reacciones.<br \/>\nDebemos, en la mayor\u00eda de los casos, rebobinar la pel\u00edcula (sin quedarnos enganchados en el pasado) hasta el punto del conflicto para darle el espacio que merece, darle visibilidad para poder pacificarlo.<br \/>\nAceptarnos.<br \/>\nDarnos el permiso de ser quienes somos en realidad, con nuestras partes de luces y sombras. Todas ellas son esenciales en nuestra vida. S\u00f3lo hay que identificarlas y darles comprensi\u00f3n para poder liberarnos y sanarnos.<\/p>\n<p style=\"text-align: justify;\">Todos esos s\u00edntomas que aparecen en tu cuerpo son toques de atenci\u00f3n y oportunidades para llevar tu mirada hacia donde necesita atenci\u00f3n.<br \/>\nAprovecha lo que te est\u00e1 pasando, seguro es una oportunidad para volver a conectar los cables en el enchufe que corresponde.<\/p>\n<h3 style=\"text-align: justify;\">\u00a1\u00a1Con\u00e9ctate!!<\/h3>\n<p style=\"text-align: justify;\">Espero que estas palabras os ayuden a ampliar vuestra comprensi\u00f3n y os de motivaci\u00f3n para mirar de la retina hacia dentro camino hacia vuestro hermoso coraz\u00f3n.<\/p>\n<p><img fetchpriority=\"high\" decoding=\"async\" class=\"aligncenter size-full wp-image-4830\" src=\"https:\/\/www.centromevis.cat\/wp-content\/uploads\/2021\/08\/Centromevis-Blog-Detectar-el-que-dispara-la-teva-ansietat-Foto.jpg\" alt=\"Centromevis - Blog - Detectar el que dispara la teva ansietat\" width=\"700\" height=\"990\" \/><\/p>","protected":false},"excerpt":{"rendered":"<p>C\u00f3mo detectar lo que dispara tu ansiedad Tenemos una creencia firme y es que hemos venido a este mundo a disfrutar, conectados con nuestra aut\u00e9ntica esencia cumpliendo nuestro prop\u00f3sito de vida. Si esto se da, la vida es fluida, f\u00e1cil y delante de conflictos, somos capaces de gestionarlos aprendiendo de ellos. El problema es que muchas personas viven desconectadas de su esencia, de su Ser y autom\u00e1ticamente se desconectan de sus emociones y de su cuerpo. Esto duele y ocasiona s\u00edntomas muy desagradables como ansiedad, ataques de p\u00e1nico, miedos, crisis y enfermedades. D\u00e9janos que nosotros, el Centro Mevis, especialistas en terapia Gestalt en Girona y Sant Feliu de Gu\u00edxols, te hablemos de todo ello. \u00bfC\u00f3mo hemos llegado hasta este punto de desconexi\u00f3n? En base a nuestra experiencia en consulta durante todos estos a\u00f1os, nos damos cuenta que ya en nuestra infancia hemos aprendido a modificar y no atender a nuestras&hellip;<\/p>\n<p> <a class=\"more-link\" href=\"https:\/\/www.centromevis.cat\/es\/detectar-el-que-dispara-la-teva-ansietat\/\">Read more<\/a><\/p>\n","protected":false},"author":1,"featured_media":4829,"comment_status":"closed","ping_status":"closed","sticky":false,"template":"","format":"standard","meta":{"footnotes":""},"categories":[1],"tags":[],"class_list":{"0":"post-4817","1":"post","2":"type-post","3":"status-publish","4":"format-standard","5":"has-post-thumbnail","7":"category-blog"},"yoast_head":"<!-- This site is optimized with the Yoast SEO plugin v27.5 - https:\/\/yoast.com\/product\/yoast-seo-wordpress\/ -->\n<title>Detectar lo que dispara tu ansiedad - Centro Mevis<\/title>\n<meta name=\"description\" content=\"Tenemos la creencia que hemos venido a este mundo a disfrutar, conectados con nuestra aut\u00e9ntica esencia cumpliendo nuestro prop\u00f3sito de vida.\" \/>\n<meta name=\"robots\" content=\"index, follow, max-snippet:-1, max-image-preview:large, max-video-preview:-1\" \/>\n<link rel=\"canonical\" href=\"https:\/\/www.centromevis.cat\/es\/detectar-el-que-dispara-la-teva-ansietat\/\" \/>\n<meta property=\"og:locale\" content=\"es_ES\" \/>\n<meta property=\"og:type\" content=\"article\" \/>\n<meta property=\"og:title\" content=\"Detectar lo que dispara tu ansiedad - Centro Mevis\" \/>\n<meta property=\"og:description\" content=\"Tenemos la creencia que hemos venido a este mundo a disfrutar, conectados con nuestra aut\u00e9ntica esencia cumpliendo nuestro prop\u00f3sito de vida.\" \/>\n<meta property=\"og:url\" content=\"https:\/\/www.centromevis.cat\/es\/detectar-el-que-dispara-la-teva-ansietat\/\" \/>\n<meta property=\"og:site_name\" content=\"Centro Mevis\" \/>\n<meta property=\"article:publisher\" content=\"https:\/\/www.facebook.com\/centromevis\/\" \/>\n<meta property=\"article:published_time\" content=\"2021-08-13T10:34:06+00:00\" \/>\n<meta property=\"article:modified_time\" content=\"2025-02-18T13:19:50+00:00\" \/>\n<meta property=\"og:image\" content=\"https:\/\/www.centromevis.cat\/wp-content\/uploads\/2021\/08\/Centromevis-Blog-Detectar-el-que-dispara-la-teva-ansietat.webp\" \/>\n\t<meta property=\"og:image:width\" content=\"700\" \/>\n\t<meta property=\"og:image:height\" content=\"500\" \/>\n\t<meta property=\"og:image:type\" content=\"image\/webp\" \/>\n<meta name=\"author\" content=\"Centro Mevis\" \/>\n<meta name=\"twitter:card\" content=\"summary_large_image\" \/>\n<meta name=\"twitter:label1\" content=\"Escrito por\" \/>\n\t<meta name=\"twitter:data1\" content=\"Centro Mevis\" \/>\n\t<meta name=\"twitter:label2\" content=\"Tiempo de lectura\" \/>\n\t<meta name=\"twitter:data2\" content=\"6 minutos\" \/>\n<script type=\"application\/ld+json\" class=\"yoast-schema-graph\">{\"@context\":\"https:\\\/\\\/schema.org\",\"@graph\":[{\"@type\":\"Article\",\"@id\":\"https:\\\/\\\/www.centromevis.cat\\\/detectar-el-que-dispara-la-teva-ansietat\\\/#article\",\"isPartOf\":{\"@id\":\"https:\\\/\\\/www.centromevis.cat\\\/detectar-el-que-dispara-la-teva-ansietat\\\/\"},\"author\":{\"name\":\"Centro Mevis\",\"@id\":\"https:\\\/\\\/www.centromevis.cat\\\/#\\\/schema\\\/person\\\/f05d7af4f9dc88e6c04c68d46b1e80c0\"},\"headline\":\"Detectar lo que dispara tu ansiedad\",\"datePublished\":\"2021-08-13T10:34:06+00:00\",\"dateModified\":\"2025-02-18T13:19:50+00:00\",\"mainEntityOfPage\":{\"@id\":\"https:\\\/\\\/www.centromevis.cat\\\/detectar-el-que-dispara-la-teva-ansietat\\\/\"},\"wordCount\":2013,\"publisher\":{\"@id\":\"https:\\\/\\\/www.centromevis.cat\\\/#organization\"},\"image\":{\"@id\":\"https:\\\/\\\/www.centromevis.cat\\\/detectar-el-que-dispara-la-teva-ansietat\\\/#primaryimage\"},\"thumbnailUrl\":\"https:\\\/\\\/www.centromevis.cat\\\/wp-content\\\/uploads\\\/2021\\\/08\\\/Centromevis-Blog-Detectar-el-que-dispara-la-teva-ansietat.webp\",\"articleSection\":[\"Blog\"],\"inLanguage\":\"es\"},{\"@type\":\"WebPage\",\"@id\":\"https:\\\/\\\/www.centromevis.cat\\\/es\\\/detectar-el-que-dispara-la-teva-ansietat\\\/\",\"url\":\"https:\\\/\\\/www.centromevis.cat\\\/es\\\/detectar-el-que-dispara-la-teva-ansietat\\\/\",\"name\":\"Detectar lo que dispara tu ansiedad - Centro Mevis\",\"isPartOf\":{\"@id\":\"https:\\\/\\\/www.centromevis.cat\\\/es\\\/#website\"},\"primaryImageOfPage\":{\"@id\":\"https:\\\/\\\/www.centromevis.cat\\\/es\\\/detectar-el-que-dispara-la-teva-ansietat\\\/#primaryimage\"},\"image\":{\"@id\":\"https:\\\/\\\/www.centromevis.cat\\\/detectar-el-que-dispara-la-teva-ansietat\\\/#primaryimage\"},\"thumbnailUrl\":\"https:\\\/\\\/www.centromevis.cat\\\/wp-content\\\/uploads\\\/2021\\\/08\\\/Centromevis-Blog-Detectar-el-que-dispara-la-teva-ansietat.webp\",\"datePublished\":\"2021-08-13T10:34:06+00:00\",\"dateModified\":\"2025-02-18T13:19:50+00:00\",\"description\":\"Tenemos la creencia que hemos venido a este mundo a disfrutar, conectados con nuestra aut\u00e9ntica esencia cumpliendo nuestro prop\u00f3sito de vida.\",\"breadcrumb\":{\"@id\":\"https:\\\/\\\/www.centromevis.cat\\\/es\\\/detectar-el-que-dispara-la-teva-ansietat\\\/#breadcrumb\"},\"inLanguage\":\"es\",\"potentialAction\":[{\"@type\":\"ReadAction\",\"target\":[[\"https:\\\/\\\/www.centromevis.cat\\\/es\\\/detectar-el-que-dispara-la-teva-ansietat\\\/\"]]}]},{\"@type\":\"ImageObject\",\"inLanguage\":\"es\",\"@id\":\"https:\\\/\\\/www.centromevis.cat\\\/es\\\/detectar-el-que-dispara-la-teva-ansietat\\\/#primaryimage\",\"url\":\"https:\\\/\\\/www.centromevis.cat\\\/wp-content\\\/uploads\\\/2021\\\/08\\\/Centromevis-Blog-Detectar-el-que-dispara-la-teva-ansietat.webp\",\"contentUrl\":\"https:\\\/\\\/www.centromevis.cat\\\/wp-content\\\/uploads\\\/2021\\\/08\\\/Centromevis-Blog-Detectar-el-que-dispara-la-teva-ansietat.webp\",\"width\":700,\"height\":500,\"caption\":\"Centromevis - Blog - Detectar el que dispara la teva ansietat\"},{\"@type\":\"BreadcrumbList\",\"@id\":\"https:\\\/\\\/www.centromevis.cat\\\/es\\\/detectar-el-que-dispara-la-teva-ansietat\\\/#breadcrumb\",\"itemListElement\":[{\"@type\":\"ListItem\",\"position\":1,\"name\":\"Home\",\"item\":\"https:\\\/\\\/www.centromevis.cat\\\/es\\\/\"},{\"@type\":\"ListItem\",\"position\":2,\"name\":\"Detectar el que dispara la teva ansietat\"}]},{\"@type\":\"WebSite\",\"@id\":\"https:\\\/\\\/www.centromevis.cat\\\/es\\\/#website\",\"url\":\"https:\\\/\\\/www.centromevis.cat\\\/es\\\/\",\"name\":\"Centro Mevis\",\"description\":\"Platja d&#039;Aro\",\"publisher\":{\"@id\":\"https:\\\/\\\/www.centromevis.cat\\\/es\\\/#organization\"},\"potentialAction\":[{\"@type\":\"SearchAction\",\"target\":{\"@type\":\"EntryPoint\",\"urlTemplate\":\"https:\\\/\\\/www.centromevis.cat\\\/es\\\/?s={search_term_string}\"},\"query-input\":{\"@type\":\"PropertyValueSpecification\",\"valueRequired\":true,\"valueName\":\"search_term_string\"}}],\"inLanguage\":\"es\"},{\"@type\":\"Organization\",\"@id\":\"https:\\\/\\\/www.centromevis.cat\\\/es\\\/#organization\",\"name\":\"CentroMevis\",\"url\":\"https:\\\/\\\/www.centromevis.cat\\\/es\\\/\",\"logo\":{\"@type\":\"ImageObject\",\"inLanguage\":\"es\",\"@id\":\"https:\\\/\\\/www.centromevis.cat\\\/es\\\/#\\\/schema\\\/logo\\\/image\\\/\",\"url\":\"https:\\\/\\\/www.centromevis.cat\\\/wp-content\\\/uploads\\\/2018\\\/01\\\/Centromevis-LGM-.png\",\"contentUrl\":\"https:\\\/\\\/www.centromevis.cat\\\/wp-content\\\/uploads\\\/2018\\\/01\\\/Centromevis-LGM-.png\",\"width\":400,\"height\":69,\"caption\":\"CentroMevis\"},\"image\":{\"@id\":\"https:\\\/\\\/www.centromevis.cat\\\/es\\\/#\\\/schema\\\/logo\\\/image\\\/\"},\"sameAs\":[\"https:\\\/\\\/www.facebook.com\\\/centromevis\\\/\",\"https:\\\/\\\/www.instagram.com\\\/centromevis\\\/\",\"https:\\\/\\\/www.youtube.com\\\/channel\\\/UCoYWLtZB5SfhEb7_i87h2Iw\"]},{\"@type\":\"Person\",\"@id\":\"https:\\\/\\\/www.centromevis.cat\\\/#\\\/schema\\\/person\\\/f05d7af4f9dc88e6c04c68d46b1e80c0\",\"name\":\"Centro Mevis\"}]}<\/script>\n<!-- \/ Yoast SEO plugin. -->","yoast_head_json":{"title":"Detectar lo que dispara tu ansiedad - Centro Mevis","description":"Tenemos la creencia que hemos venido a este mundo a disfrutar, conectados con nuestra aut\u00e9ntica esencia cumpliendo nuestro prop\u00f3sito de vida.","robots":{"index":"index","follow":"follow","max-snippet":"max-snippet:-1","max-image-preview":"max-image-preview:large","max-video-preview":"max-video-preview:-1"},"canonical":"https:\/\/www.centromevis.cat\/es\/detectar-el-que-dispara-la-teva-ansietat\/","og_locale":"es_ES","og_type":"article","og_title":"Detectar lo que dispara tu ansiedad - Centro Mevis","og_description":"Tenemos la creencia que hemos venido a este mundo a disfrutar, conectados con nuestra aut\u00e9ntica esencia cumpliendo nuestro prop\u00f3sito de vida.","og_url":"https:\/\/www.centromevis.cat\/es\/detectar-el-que-dispara-la-teva-ansietat\/","og_site_name":"Centro Mevis","article_publisher":"https:\/\/www.facebook.com\/centromevis\/","article_published_time":"2021-08-13T10:34:06+00:00","article_modified_time":"2025-02-18T13:19:50+00:00","og_image":[{"width":700,"height":500,"url":"https:\/\/www.centromevis.cat\/wp-content\/uploads\/2021\/08\/Centromevis-Blog-Detectar-el-que-dispara-la-teva-ansietat.webp","type":"image\/webp"}],"author":"Centro Mevis","twitter_card":"summary_large_image","twitter_misc":{"Escrito por":"Centro Mevis","Tiempo de lectura":"6 minutos"},"schema":{"@context":"https:\/\/schema.org","@graph":[{"@type":"Article","@id":"https:\/\/www.centromevis.cat\/detectar-el-que-dispara-la-teva-ansietat\/#article","isPartOf":{"@id":"https:\/\/www.centromevis.cat\/detectar-el-que-dispara-la-teva-ansietat\/"},"author":{"name":"Centro Mevis","@id":"https:\/\/www.centromevis.cat\/#\/schema\/person\/f05d7af4f9dc88e6c04c68d46b1e80c0"},"headline":"Detectar lo que dispara tu ansiedad","datePublished":"2021-08-13T10:34:06+00:00","dateModified":"2025-02-18T13:19:50+00:00","mainEntityOfPage":{"@id":"https:\/\/www.centromevis.cat\/detectar-el-que-dispara-la-teva-ansietat\/"},"wordCount":2013,"publisher":{"@id":"https:\/\/www.centromevis.cat\/#organization"},"image":{"@id":"https:\/\/www.centromevis.cat\/detectar-el-que-dispara-la-teva-ansietat\/#primaryimage"},"thumbnailUrl":"https:\/\/www.centromevis.cat\/wp-content\/uploads\/2021\/08\/Centromevis-Blog-Detectar-el-que-dispara-la-teva-ansietat.webp","articleSection":["Blog"],"inLanguage":"es"},{"@type":"WebPage","@id":"https:\/\/www.centromevis.cat\/es\/detectar-el-que-dispara-la-teva-ansietat\/","url":"https:\/\/www.centromevis.cat\/es\/detectar-el-que-dispara-la-teva-ansietat\/","name":"Detectar lo que dispara tu ansiedad - Centro Mevis","isPartOf":{"@id":"https:\/\/www.centromevis.cat\/es\/#website"},"primaryImageOfPage":{"@id":"https:\/\/www.centromevis.cat\/es\/detectar-el-que-dispara-la-teva-ansietat\/#primaryimage"},"image":{"@id":"https:\/\/www.centromevis.cat\/detectar-el-que-dispara-la-teva-ansietat\/#primaryimage"},"thumbnailUrl":"https:\/\/www.centromevis.cat\/wp-content\/uploads\/2021\/08\/Centromevis-Blog-Detectar-el-que-dispara-la-teva-ansietat.webp","datePublished":"2021-08-13T10:34:06+00:00","dateModified":"2025-02-18T13:19:50+00:00","description":"Tenemos la creencia que hemos venido a este mundo a disfrutar, conectados con nuestra aut\u00e9ntica esencia cumpliendo nuestro prop\u00f3sito de vida.","breadcrumb":{"@id":"https:\/\/www.centromevis.cat\/es\/detectar-el-que-dispara-la-teva-ansietat\/#breadcrumb"},"inLanguage":"es","potentialAction":[{"@type":"ReadAction","target":[["https:\/\/www.centromevis.cat\/es\/detectar-el-que-dispara-la-teva-ansietat\/"]]}]},{"@type":"ImageObject","inLanguage":"es","@id":"https:\/\/www.centromevis.cat\/es\/detectar-el-que-dispara-la-teva-ansietat\/#primaryimage","url":"https:\/\/www.centromevis.cat\/wp-content\/uploads\/2021\/08\/Centromevis-Blog-Detectar-el-que-dispara-la-teva-ansietat.webp","contentUrl":"https:\/\/www.centromevis.cat\/wp-content\/uploads\/2021\/08\/Centromevis-Blog-Detectar-el-que-dispara-la-teva-ansietat.webp","width":700,"height":500,"caption":"Centromevis - Blog - Detectar el que dispara la teva ansietat"},{"@type":"BreadcrumbList","@id":"https:\/\/www.centromevis.cat\/es\/detectar-el-que-dispara-la-teva-ansietat\/#breadcrumb","itemListElement":[{"@type":"ListItem","position":1,"name":"Home","item":"https:\/\/www.centromevis.cat\/es\/"},{"@type":"ListItem","position":2,"name":"Detectar el que dispara la teva ansietat"}]},{"@type":"WebSite","@id":"https:\/\/www.centromevis.cat\/es\/#website","url":"https:\/\/www.centromevis.cat\/es\/","name":"Centro Mevis","description":"Platja d&#039;Aro","publisher":{"@id":"https:\/\/www.centromevis.cat\/es\/#organization"},"potentialAction":[{"@type":"SearchAction","target":{"@type":"EntryPoint","urlTemplate":"https:\/\/www.centromevis.cat\/es\/?s={search_term_string}"},"query-input":{"@type":"PropertyValueSpecification","valueRequired":true,"valueName":"search_term_string"}}],"inLanguage":"es"},{"@type":"Organization","@id":"https:\/\/www.centromevis.cat\/es\/#organization","name":"CentroMevis","url":"https:\/\/www.centromevis.cat\/es\/","logo":{"@type":"ImageObject","inLanguage":"es","@id":"https:\/\/www.centromevis.cat\/es\/#\/schema\/logo\/image\/","url":"https:\/\/www.centromevis.cat\/wp-content\/uploads\/2018\/01\/Centromevis-LGM-.png","contentUrl":"https:\/\/www.centromevis.cat\/wp-content\/uploads\/2018\/01\/Centromevis-LGM-.png","width":400,"height":69,"caption":"CentroMevis"},"image":{"@id":"https:\/\/www.centromevis.cat\/es\/#\/schema\/logo\/image\/"},"sameAs":["https:\/\/www.facebook.com\/centromevis\/","https:\/\/www.instagram.com\/centromevis\/","https:\/\/www.youtube.com\/channel\/UCoYWLtZB5SfhEb7_i87h2Iw"]},{"@type":"Person","@id":"https:\/\/www.centromevis.cat\/#\/schema\/person\/f05d7af4f9dc88e6c04c68d46b1e80c0","name":"Centro Mevis"}]}},"_links":{"self":[{"href":"https:\/\/www.centromevis.cat\/es\/wp-json\/wp\/v2\/posts\/4817","targetHints":{"allow":["GET"]}}],"collection":[{"href":"https:\/\/www.centromevis.cat\/es\/wp-json\/wp\/v2\/posts"}],"about":[{"href":"https:\/\/www.centromevis.cat\/es\/wp-json\/wp\/v2\/types\/post"}],"author":[{"embeddable":true,"href":"https:\/\/www.centromevis.cat\/es\/wp-json\/wp\/v2\/users\/1"}],"replies":[{"embeddable":true,"href":"https:\/\/www.centromevis.cat\/es\/wp-json\/wp\/v2\/comments?post=4817"}],"version-history":[{"count":2,"href":"https:\/\/www.centromevis.cat\/es\/wp-json\/wp\/v2\/posts\/4817\/revisions"}],"predecessor-version":[{"id":6132,"href":"https:\/\/www.centromevis.cat\/es\/wp-json\/wp\/v2\/posts\/4817\/revisions\/6132"}],"wp:featuredmedia":[{"embeddable":true,"href":"https:\/\/www.centromevis.cat\/es\/wp-json\/wp\/v2\/media\/4829"}],"wp:attachment":[{"href":"https:\/\/www.centromevis.cat\/es\/wp-json\/wp\/v2\/media?parent=4817"}],"wp:term":[{"taxonomy":"category","embeddable":true,"href":"https:\/\/www.centromevis.cat\/es\/wp-json\/wp\/v2\/categories?post=4817"},{"taxonomy":"post_tag","embeddable":true,"href":"https:\/\/www.centromevis.cat\/es\/wp-json\/wp\/v2\/tags?post=4817"}],"curies":[{"name":"wp","href":"https:\/\/api.w.org\/{rel}","templated":true}]}}