{"id":2049,"date":"2020-01-18T12:21:40","date_gmt":"2020-01-18T11:21:40","guid":{"rendered":"https:\/\/centromevis.cat\/?p=2049"},"modified":"2021-09-27T16:08:48","modified_gmt":"2021-09-27T14:08:48","slug":"6-tallers-1-trobada-cada-15-dies","status":"publish","type":"post","link":"https:\/\/www.centromevis.cat\/es\/6-tallers-1-trobada-cada-15-dies\/","title":{"rendered":"6 Talleres &#8211; 1 Encuentro cada 15 d\u00edas"},"content":{"rendered":"\t\t<div data-elementor-type=\"wp-post\" data-elementor-id=\"2049\" class=\"elementor elementor-2049\" data-elementor-post-type=\"post\">\n\t\t\t\t\t\t<section class=\"elementor-section elementor-top-section elementor-element elementor-element-6604f70d elementor-section-full_width elementor-section-height-default elementor-section-height-default\" data-id=\"6604f70d\" data-element_type=\"section\" data-e-type=\"section\">\n\t\t\t\t\t\t<div class=\"elementor-container elementor-column-gap-default\">\n\t\t\t\t\t<div class=\"elementor-column elementor-col-100 elementor-top-column elementor-element elementor-element-1574d4cf\" data-id=\"1574d4cf\" data-element_type=\"column\" data-e-type=\"column\">\n\t\t\t<div class=\"elementor-widget-wrap elementor-element-populated\">\n\t\t\t\t\t\t<section class=\"elementor-section elementor-inner-section elementor-element elementor-element-44f20cb elementor-reverse-mobile elementor-section-boxed elementor-section-height-default elementor-section-height-default\" data-id=\"44f20cb\" data-element_type=\"section\" data-e-type=\"section\">\n\t\t\t\t\t\t<div class=\"elementor-container elementor-column-gap-default\">\n\t\t\t\t\t<div class=\"elementor-column elementor-col-50 elementor-inner-column elementor-element elementor-element-714b402\" data-id=\"714b402\" data-element_type=\"column\" data-e-type=\"column\">\n\t\t\t<div class=\"elementor-widget-wrap elementor-element-populated\">\n\t\t\t\t\t\t<div class=\"elementor-element elementor-element-b7f379b elementor-widget elementor-widget-image\" data-id=\"b7f379b\" data-element_type=\"widget\" data-e-type=\"widget\" data-widget_type=\"image.default\">\n\t\t\t\t<div class=\"elementor-widget-container\">\n\t\t\t\t\t\t\t\t\t\t\t\t\t\t\t<img fetchpriority=\"high\" decoding=\"async\" width=\"800\" height=\"800\" src=\"https:\/\/www.centromevis.cat\/wp-content\/uploads\/2020\/01\/2-1-1024x1024.webp\" class=\"attachment-large size-large wp-image-2063\" alt=\"taller polaridades\" srcset=\"https:\/\/www.centromevis.cat\/wp-content\/uploads\/2020\/01\/2-1-1024x1024.webp 1024w, https:\/\/www.centromevis.cat\/wp-content\/uploads\/2020\/01\/2-1-300x300.jpg 300w, https:\/\/www.centromevis.cat\/wp-content\/uploads\/2020\/01\/2-1-150x150.jpg 150w, https:\/\/www.centromevis.cat\/wp-content\/uploads\/2020\/01\/2-1-768x768.webp 768w, https:\/\/www.centromevis.cat\/wp-content\/uploads\/2020\/01\/2-1.webp 1080w\" sizes=\"(max-width: 800px) 100vw, 800px\" \/>\t\t\t\t\t\t\t\t\t\t\t\t\t\t\t<\/div>\n\t\t\t\t<\/div>\n\t\t\t\t\t<\/div>\n\t\t<\/div>\n\t\t\t\t<div class=\"elementor-column elementor-col-50 elementor-inner-column elementor-element elementor-element-d375afa\" data-id=\"d375afa\" data-element_type=\"column\" data-e-type=\"column\">\n\t\t\t<div class=\"elementor-widget-wrap elementor-element-populated\">\n\t\t\t\t\t\t<div class=\"elementor-element elementor-element-09926c7 elementor-widget elementor-widget-heading\" data-id=\"09926c7\" data-element_type=\"widget\" data-e-type=\"widget\" data-widget_type=\"heading.default\">\n\t\t\t\t<div class=\"elementor-widget-container\">\n\t\t\t\t\t<h3 class=\"elementor-heading-title elementor-size-default\">Polaritats<\/h3>\t\t\t\t<\/div>\n\t\t\t\t<\/div>\n\t\t\t\t<div class=\"elementor-element elementor-element-8607492 elementor-widget elementor-widget-text-editor\" data-id=\"8607492\" data-element_type=\"widget\" data-e-type=\"widget\" data-widget_type=\"text-editor.default\">\n\t\t\t\t<div class=\"elementor-widget-container\">\n\t\t\t\t\t\t\t\t\t<p>Tot es dual: Els semblants y els antag\u00f2nics son el mateix. \u00c9s es que busca la terapia Gestalt. La integraci\u00f3 d&#8217;aquests oposats, dels complementaris.<\/p><p>Dates:<\/p><ul><li>24\/01\/2020<\/li><li>30\/01\/2020<\/li><li>13\/02\/2020<\/li><li>27\/02\/2020<\/li><\/ul><p>Horari: de 19:00 a 20:30h<\/p><p>Preu: 15\u20ac \/ persona\/ Taller. Grup redu\u00eft.<\/p>\t\t\t\t\t\t\t\t<\/div>\n\t\t\t\t<\/div>\n\t\t\t\t\t<\/div>\n\t\t<\/div>\n\t\t\t\t\t<\/div>\n\t\t<\/section>\n\t\t\t\t\t<\/div>\n\t\t<\/div>\n\t\t\t\t\t<\/div>\n\t\t<\/section>\n\t\t\t\t<section class=\"elementor-section elementor-top-section elementor-element elementor-element-efb2d5e elementor-section-full_width elementor-section-height-default elementor-section-height-default\" data-id=\"efb2d5e\" data-element_type=\"section\" data-e-type=\"section\">\n\t\t\t\t\t\t<div class=\"elementor-container elementor-column-gap-default\">\n\t\t\t\t\t<div class=\"elementor-column elementor-col-100 elementor-top-column elementor-element elementor-element-b6f9da2\" data-id=\"b6f9da2\" data-element_type=\"column\" data-e-type=\"column\">\n\t\t\t<div class=\"elementor-widget-wrap elementor-element-populated\">\n\t\t\t\t\t\t<section class=\"elementor-section elementor-inner-section elementor-element elementor-element-d8d1012 elementor-section-boxed elementor-section-height-default elementor-section-height-default\" data-id=\"d8d1012\" data-element_type=\"section\" data-e-type=\"section\">\n\t\t\t\t\t\t<div class=\"elementor-container elementor-column-gap-default\">\n\t\t\t\t\t<div class=\"elementor-column elementor-col-50 elementor-inner-column elementor-element elementor-element-a696ac9\" data-id=\"a696ac9\" data-element_type=\"column\" data-e-type=\"column\">\n\t\t\t<div class=\"elementor-widget-wrap elementor-element-populated\">\n\t\t\t\t\t\t<div class=\"elementor-element elementor-element-44c50e4 elementor-widget elementor-widget-heading\" data-id=\"44c50e4\" data-element_type=\"widget\" data-e-type=\"widget\" data-widget_type=\"heading.default\">\n\t\t\t\t<div class=\"elementor-widget-container\">\n\t\t\t\t\t<h3 class=\"elementor-heading-title elementor-size-default\">El teixit dela vida<\/h3>\t\t\t\t<\/div>\n\t\t\t\t<\/div>\n\t\t\t\t<div class=\"elementor-element elementor-element-49ef084 elementor-widget elementor-widget-text-editor\" data-id=\"49ef084\" data-element_type=\"widget\" data-e-type=\"widget\" data-widget_type=\"text-editor.default\">\n\t\t\t\t<div class=\"elementor-widget-container\">\n\t\t\t\t\t\t\t\t\t<p><\/p><p>L&#8217;\u00fanic amor authentic, fidel, comprom\u00e8s, que tot ho perdona, que mai ens defraudar\u00e0, i que ens acompanyar\u00e0 fins a la mort es l&#8217;amor propi.<\/p><p>Dates:<\/p><ul><li>12\/03\/2020<\/li><li>26\/03\/2020<\/li><li>16\/04\/2020<\/li><li>30\/04\/2020<\/li><\/ul><p>Horari: de 19:00 a 20:30h<\/p><p>Preu: 15\u20ac \/ persona\/ Taller. Grup redu\u00eft.<\/p>\t\t\t\t\t\t\t\t<\/div>\n\t\t\t\t<\/div>\n\t\t\t\t\t<\/div>\n\t\t<\/div>\n\t\t\t\t<div class=\"elementor-column elementor-col-50 elementor-inner-column elementor-element elementor-element-3dbb448\" data-id=\"3dbb448\" data-element_type=\"column\" data-e-type=\"column\">\n\t\t\t<div class=\"elementor-widget-wrap elementor-element-populated\">\n\t\t\t\t\t\t<div class=\"elementor-element elementor-element-372ca79 elementor-widget elementor-widget-image\" data-id=\"372ca79\" data-element_type=\"widget\" data-e-type=\"widget\" data-widget_type=\"image.default\">\n\t\t\t\t<div class=\"elementor-widget-container\">\n\t\t\t\t\t\t\t\t\t\t\t\t\t\t\t<img decoding=\"async\" width=\"800\" height=\"800\" src=\"https:\/\/www.centromevis.cat\/wp-content\/uploads\/2020\/01\/3-1024x1024.webp\" class=\"attachment-large size-large wp-image-2065\" alt=\"TALLER GESTALT\" srcset=\"https:\/\/www.centromevis.cat\/wp-content\/uploads\/2020\/01\/3-1024x1024.webp 1024w, https:\/\/www.centromevis.cat\/wp-content\/uploads\/2020\/01\/3-300x300.jpg 300w, https:\/\/www.centromevis.cat\/wp-content\/uploads\/2020\/01\/3-150x150.jpg 150w, https:\/\/www.centromevis.cat\/wp-content\/uploads\/2020\/01\/3-768x768.webp 768w, https:\/\/www.centromevis.cat\/wp-content\/uploads\/2020\/01\/3.webp 1080w\" sizes=\"(max-width: 800px) 100vw, 800px\" \/>\t\t\t\t\t\t\t\t\t\t\t\t\t\t\t<\/div>\n\t\t\t\t<\/div>\n\t\t\t\t\t<\/div>\n\t\t<\/div>\n\t\t\t\t\t<\/div>\n\t\t<\/section>\n\t\t\t\t\t<\/div>\n\t\t<\/div>\n\t\t\t\t\t<\/div>\n\t\t<\/section>\n\t\t\t\t<section class=\"elementor-section elementor-top-section elementor-element elementor-element-3016aff elementor-section-full_width elementor-section-height-default elementor-section-height-default\" data-id=\"3016aff\" data-element_type=\"section\" data-e-type=\"section\">\n\t\t\t\t\t\t<div class=\"elementor-container elementor-column-gap-default\">\n\t\t\t\t\t<div class=\"elementor-column elementor-col-100 elementor-top-column elementor-element elementor-element-3a26650\" data-id=\"3a26650\" data-element_type=\"column\" data-e-type=\"column\">\n\t\t\t<div class=\"elementor-widget-wrap elementor-element-populated\">\n\t\t\t\t\t\t<section class=\"elementor-section elementor-inner-section elementor-element elementor-element-092d119 elementor-reverse-mobile elementor-section-boxed elementor-section-height-default elementor-section-height-default\" data-id=\"092d119\" data-element_type=\"section\" data-e-type=\"section\">\n\t\t\t\t\t\t<div class=\"elementor-container elementor-column-gap-default\">\n\t\t\t\t\t<div class=\"elementor-column elementor-col-50 elementor-inner-column elementor-element elementor-element-4c2e636\" data-id=\"4c2e636\" data-element_type=\"column\" data-e-type=\"column\">\n\t\t\t<div class=\"elementor-widget-wrap elementor-element-populated\">\n\t\t\t\t\t\t<div class=\"elementor-element elementor-element-9be9008 elementor-widget elementor-widget-image\" data-id=\"9be9008\" data-element_type=\"widget\" data-e-type=\"widget\" data-widget_type=\"image.default\">\n\t\t\t\t<div class=\"elementor-widget-container\">\n\t\t\t\t\t\t\t\t\t\t\t\t\t\t\t<img decoding=\"async\" width=\"540\" height=\"540\" src=\"https:\/\/www.centromevis.cat\/wp-content\/uploads\/2020\/01\/5.webp\" class=\"attachment-large size-large wp-image-2053\" alt=\"TALLER GESTALT PADRES\" srcset=\"https:\/\/www.centromevis.cat\/wp-content\/uploads\/2020\/01\/5.webp 540w, https:\/\/www.centromevis.cat\/wp-content\/uploads\/2020\/01\/5-300x300.jpg 300w, https:\/\/www.centromevis.cat\/wp-content\/uploads\/2020\/01\/5-150x150.jpg 150w\" sizes=\"(max-width: 540px) 100vw, 540px\" \/>\t\t\t\t\t\t\t\t\t\t\t\t\t\t\t<\/div>\n\t\t\t\t<\/div>\n\t\t\t\t\t<\/div>\n\t\t<\/div>\n\t\t\t\t<div class=\"elementor-column elementor-col-50 elementor-inner-column elementor-element elementor-element-155c744\" data-id=\"155c744\" data-element_type=\"column\" data-e-type=\"column\">\n\t\t\t<div class=\"elementor-widget-wrap elementor-element-populated\">\n\t\t\t\t\t\t<div class=\"elementor-element elementor-element-fd12307 elementor-widget elementor-widget-heading\" data-id=\"fd12307\" data-element_type=\"widget\" data-e-type=\"widget\" data-widget_type=\"heading.default\">\n\t\t\t\t<div class=\"elementor-widget-container\">\n\t\t\t\t\t<h3 class=\"elementor-heading-title elementor-size-default\">Deixant anar els pares<\/h3>\t\t\t\t<\/div>\n\t\t\t\t<\/div>\n\t\t\t\t<div class=\"elementor-element elementor-element-b9fd4c2 elementor-widget elementor-widget-text-editor\" data-id=\"b9fd4c2\" data-element_type=\"widget\" data-e-type=\"widget\" data-widget_type=\"text-editor.default\">\n\t\t\t\t<div class=\"elementor-widget-container\">\n\t\t\t\t\t\t\t\t\t<p>El proc\u00e9s de sanaci\u00f3 cap als nostres pare i mare interns pasa per: Recon\u00e8ixer als nostres pares (ells tamb\u00e9 porten el seu pare dolgut), i per desarrollar la nostre identitat. \u00abHonorar als pares significa reconeix&#8217;els tal i com son, honrar la vida significa prendre i estimarla tal com \u00e9s.<\/p><p>Dates:<\/p><ul><li>07\/05\/2020<\/li><li>21\/05\/2020<\/li><li>04\/06\/2020<\/li><li>18\/06\/2020<\/li><\/ul><p>Horari: de 19:00 a 20:30h<\/p><p>Preu: 15\u20ac \/ persona\/ Taller. Grup redu\u00eft.<\/p>\t\t\t\t\t\t\t\t<\/div>\n\t\t\t\t<\/div>\n\t\t\t\t\t<\/div>\n\t\t<\/div>\n\t\t\t\t\t<\/div>\n\t\t<\/section>\n\t\t\t\t\t<\/div>\n\t\t<\/div>\n\t\t\t\t\t<\/div>\n\t\t<\/section>\n\t\t\t\t<section class=\"elementor-section elementor-top-section elementor-element elementor-element-ef88b35 elementor-section-full_width elementor-section-height-default elementor-section-height-default\" data-id=\"ef88b35\" data-element_type=\"section\" data-e-type=\"section\">\n\t\t\t\t\t\t<div class=\"elementor-container elementor-column-gap-default\">\n\t\t\t\t\t<div class=\"elementor-column elementor-col-100 elementor-top-column elementor-element elementor-element-f8c4a76\" data-id=\"f8c4a76\" data-element_type=\"column\" data-e-type=\"column\">\n\t\t\t<div class=\"elementor-widget-wrap elementor-element-populated\">\n\t\t\t\t\t\t<section class=\"elementor-section elementor-inner-section elementor-element elementor-element-5b07b29 elementor-section-boxed elementor-section-height-default elementor-section-height-default\" data-id=\"5b07b29\" data-element_type=\"section\" data-e-type=\"section\">\n\t\t\t\t\t\t<div class=\"elementor-container elementor-column-gap-default\">\n\t\t\t\t\t<div class=\"elementor-column elementor-col-50 elementor-inner-column elementor-element elementor-element-f901ba4\" data-id=\"f901ba4\" data-element_type=\"column\" data-e-type=\"column\">\n\t\t\t<div class=\"elementor-widget-wrap elementor-element-populated\">\n\t\t\t\t\t\t<div class=\"elementor-element elementor-element-6052ad9 elementor-widget elementor-widget-heading\" data-id=\"6052ad9\" data-element_type=\"widget\" data-e-type=\"widget\" data-widget_type=\"heading.default\">\n\t\t\t\t<div class=\"elementor-widget-container\">\n\t\t\t\t\t<h3 class=\"elementor-heading-title elementor-size-default\">Descobrint-me<\/h3>\t\t\t\t<\/div>\n\t\t\t\t<\/div>\n\t\t\t\t<div class=\"elementor-element elementor-element-8501e06 elementor-widget elementor-widget-text-editor\" data-id=\"8501e06\" data-element_type=\"widget\" data-e-type=\"widget\" data-widget_type=\"text-editor.default\">\n\t\t\t\t<div class=\"elementor-widget-container\">\n\t\t\t\t\t\t\t\t\t<p>En nosaltres est\u00e0 tot all\u00f2 amb possibilitat per arribar a ser; cada un de nosaltres venim amb recursos, uns reconeguts i altres encara sense explorar.<\/p><p>Venim amb possibilitat per cr\u00e9ixer. Per exemple, la llavor es el potencial de la naturaleza, arribar a ser planta.<\/p><p>Dates:<\/p><ul><li>02\/07\/2020<\/li><li>16\/07\/2020<\/li><li>06\/08\/2020<\/li><li>20\/08\/2020<\/li><\/ul><p>Horari: de 19:00 a 20:30h<\/p><p>Preu: 15\u20ac \/ persona\/ Taller. Grup redu\u00eft.<\/p>\t\t\t\t\t\t\t\t<\/div>\n\t\t\t\t<\/div>\n\t\t\t\t\t<\/div>\n\t\t<\/div>\n\t\t\t\t<div class=\"elementor-column elementor-col-50 elementor-inner-column elementor-element elementor-element-33f638e\" data-id=\"33f638e\" data-element_type=\"column\" data-e-type=\"column\">\n\t\t\t<div class=\"elementor-widget-wrap elementor-element-populated\">\n\t\t\t\t\t\t<div class=\"elementor-element elementor-element-e0d3637 elementor-widget elementor-widget-image\" data-id=\"e0d3637\" data-element_type=\"widget\" data-e-type=\"widget\" data-widget_type=\"image.default\">\n\t\t\t\t<div class=\"elementor-widget-container\">\n\t\t\t\t\t\t\t\t\t\t\t\t\t\t\t<img loading=\"lazy\" decoding=\"async\" width=\"800\" height=\"800\" src=\"https:\/\/www.centromevis.cat\/wp-content\/uploads\/2020\/01\/4-1024x1024.webp\" class=\"attachment-large size-large wp-image-2082\" alt=\"TALLER GESTALT\" srcset=\"https:\/\/www.centromevis.cat\/wp-content\/uploads\/2020\/01\/4-1024x1024.webp 1024w, https:\/\/www.centromevis.cat\/wp-content\/uploads\/2020\/01\/4-300x300.jpg 300w, https:\/\/www.centromevis.cat\/wp-content\/uploads\/2020\/01\/4-150x150.jpg 150w, https:\/\/www.centromevis.cat\/wp-content\/uploads\/2020\/01\/4-768x768.webp 768w, https:\/\/www.centromevis.cat\/wp-content\/uploads\/2020\/01\/4.webp 1080w\" sizes=\"(max-width: 800px) 100vw, 800px\" \/>\t\t\t\t\t\t\t\t\t\t\t\t\t\t\t<\/div>\n\t\t\t\t<\/div>\n\t\t\t\t\t<\/div>\n\t\t<\/div>\n\t\t\t\t\t<\/div>\n\t\t<\/section>\n\t\t\t\t\t<\/div>\n\t\t<\/div>\n\t\t\t\t\t<\/div>\n\t\t<\/section>\n\t\t\t\t<section class=\"elementor-section elementor-top-section elementor-element elementor-element-7a22b77 elementor-section-full_width elementor-section-height-default elementor-section-height-default\" data-id=\"7a22b77\" data-element_type=\"section\" data-e-type=\"section\">\n\t\t\t\t\t\t<div class=\"elementor-container elementor-column-gap-default\">\n\t\t\t\t\t<div class=\"elementor-column elementor-col-100 elementor-top-column elementor-element elementor-element-05ca902\" data-id=\"05ca902\" data-element_type=\"column\" data-e-type=\"column\">\n\t\t\t<div class=\"elementor-widget-wrap elementor-element-populated\">\n\t\t\t\t\t\t<section class=\"elementor-section elementor-inner-section elementor-element elementor-element-427150a elementor-reverse-mobile elementor-section-boxed elementor-section-height-default elementor-section-height-default\" data-id=\"427150a\" data-element_type=\"section\" data-e-type=\"section\">\n\t\t\t\t\t\t<div class=\"elementor-container elementor-column-gap-default\">\n\t\t\t\t\t<div class=\"elementor-column elementor-col-50 elementor-inner-column elementor-element elementor-element-2d736ee\" data-id=\"2d736ee\" data-element_type=\"column\" data-e-type=\"column\">\n\t\t\t<div class=\"elementor-widget-wrap elementor-element-populated\">\n\t\t\t\t\t\t<div class=\"elementor-element elementor-element-42bd059 elementor-widget elementor-widget-image\" data-id=\"42bd059\" data-element_type=\"widget\" data-e-type=\"widget\" data-widget_type=\"image.default\">\n\t\t\t\t<div class=\"elementor-widget-container\">\n\t\t\t\t\t\t\t\t\t\t\t\t\t\t\t<img loading=\"lazy\" decoding=\"async\" width=\"540\" height=\"540\" src=\"https:\/\/www.centromevis.cat\/wp-content\/uploads\/2020\/01\/6.webp\" class=\"attachment-large size-large wp-image-2054\" alt=\"TALLER GESTALT DUELO\" srcset=\"https:\/\/www.centromevis.cat\/wp-content\/uploads\/2020\/01\/6.webp 540w, https:\/\/www.centromevis.cat\/wp-content\/uploads\/2020\/01\/6-300x300.jpg 300w, https:\/\/www.centromevis.cat\/wp-content\/uploads\/2020\/01\/6-150x150.jpg 150w\" sizes=\"(max-width: 540px) 100vw, 540px\" \/>\t\t\t\t\t\t\t\t\t\t\t\t\t\t\t<\/div>\n\t\t\t\t<\/div>\n\t\t\t\t\t<\/div>\n\t\t<\/div>\n\t\t\t\t<div class=\"elementor-column elementor-col-50 elementor-inner-column elementor-element elementor-element-a3c5a50\" data-id=\"a3c5a50\" data-element_type=\"column\" data-e-type=\"column\">\n\t\t\t<div class=\"elementor-widget-wrap elementor-element-populated\">\n\t\t\t\t\t\t<div class=\"elementor-element elementor-element-3144a2e elementor-widget elementor-widget-heading\" data-id=\"3144a2e\" data-element_type=\"widget\" data-e-type=\"widget\" data-widget_type=\"heading.default\">\n\t\t\t\t<div class=\"elementor-widget-container\">\n\t\t\t\t\t<h3 class=\"elementor-heading-title elementor-size-default\">El dol fa mal<\/h3>\t\t\t\t<\/div>\n\t\t\t\t<\/div>\n\t\t\t\t<div class=\"elementor-element elementor-element-f1d6dee elementor-widget elementor-widget-text-editor\" data-id=\"f1d6dee\" data-element_type=\"widget\" data-e-type=\"widget\" data-widget_type=\"text-editor.default\">\n\t\t\t\t<div class=\"elementor-widget-container\">\n\t\t\t\t\t\t\t\t\t<p>Tot es temporal, res \u00e9s permanent. La mort es lo \u00fanic permanent, de fet. Tot \u00e9s necesari, tot te que passar. La vida est\u00e0 en la mort y la mort est\u00e0 en la vida, al final es el mateix, diferentes parts del mateix.<\/p><p>Dates:<\/p><ul><li>03\/09\/2020<\/li><li>17\/09\/2020<\/li><li>01\/10\/2020<\/li><li>15\/10\/2020<\/li><\/ul><p>Horari: de 19:00 a 20:30<\/p><p>Preu: 15\u20ac \/ persona\/ Taller. Grup redu\u00eft.<\/p>\t\t\t\t\t\t\t\t<\/div>\n\t\t\t\t<\/div>\n\t\t\t\t\t<\/div>\n\t\t<\/div>\n\t\t\t\t\t<\/div>\n\t\t<\/section>\n\t\t\t\t\t<\/div>\n\t\t<\/div>\n\t\t\t\t\t<\/div>\n\t\t<\/section>\n\t\t\t\t<section class=\"elementor-section elementor-top-section elementor-element elementor-element-635ee0f elementor-section-full_width elementor-section-height-default elementor-section-height-default\" data-id=\"635ee0f\" data-element_type=\"section\" data-e-type=\"section\">\n\t\t\t\t\t\t<div class=\"elementor-container elementor-column-gap-default\">\n\t\t\t\t\t<div class=\"elementor-column elementor-col-100 elementor-top-column elementor-element elementor-element-4f7eb0c\" data-id=\"4f7eb0c\" data-element_type=\"column\" data-e-type=\"column\">\n\t\t\t<div class=\"elementor-widget-wrap elementor-element-populated\">\n\t\t\t\t\t\t<section class=\"elementor-section elementor-inner-section elementor-element elementor-element-6401438 elementor-section-boxed elementor-section-height-default elementor-section-height-default\" data-id=\"6401438\" data-element_type=\"section\" data-e-type=\"section\">\n\t\t\t\t\t\t<div class=\"elementor-container elementor-column-gap-default\">\n\t\t\t\t\t<div class=\"elementor-column elementor-col-50 elementor-inner-column elementor-element elementor-element-f884d14\" data-id=\"f884d14\" data-element_type=\"column\" data-e-type=\"column\">\n\t\t\t<div class=\"elementor-widget-wrap elementor-element-populated\">\n\t\t\t\t\t\t<div class=\"elementor-element elementor-element-d91b965 elementor-widget elementor-widget-heading\" data-id=\"d91b965\" data-element_type=\"widget\" data-e-type=\"widget\" data-widget_type=\"heading.default\">\n\t\t\t\t<div class=\"elementor-widget-container\">\n\t\t\t\t\t<h3 class=\"elementor-heading-title elementor-size-default\">7 m\u00e0scares<\/h3>\t\t\t\t<\/div>\n\t\t\t\t<\/div>\n\t\t\t\t<div class=\"elementor-element elementor-element-82d0e67 elementor-widget elementor-widget-text-editor\" data-id=\"82d0e67\" data-element_type=\"widget\" data-e-type=\"widget\" data-widget_type=\"text-editor.default\">\n\t\t\t\t<div class=\"elementor-widget-container\">\n\t\t\t\t\t\t\t\t\t<p>Tots actuem\u00a0 amb el nostre personatge de manera inconscient i d&#8217;aquesta manera la vida es converteix en un teatre que ens costa digerir. Ens relacionem uns amb els altres sense hi hagi un contacte o trobada aut\u00e8ntica, per que ens amaguem redera de diferents m\u00e0scares.<\/p><p>Dates:<\/p><ul><li>05\/11\/2020<\/li><li>19\/11\/2020<\/li><li>03\/12\/2020<\/li><li>17\/12\/2020<\/li><\/ul><p>Horari: de 19:00 a 20:30<\/p><p>Preu: 15\u20ac \/ persona\/ Taller. Grup redu\u00eft.<\/p>\t\t\t\t\t\t\t\t<\/div>\n\t\t\t\t<\/div>\n\t\t\t\t\t<\/div>\n\t\t<\/div>\n\t\t\t\t<div class=\"elementor-column elementor-col-50 elementor-inner-column elementor-element elementor-element-80c16aa\" data-id=\"80c16aa\" data-element_type=\"column\" data-e-type=\"column\">\n\t\t\t<div class=\"elementor-widget-wrap elementor-element-populated\">\n\t\t\t\t\t\t<div class=\"elementor-element elementor-element-bfd8a8a elementor-widget elementor-widget-image\" data-id=\"bfd8a8a\" data-element_type=\"widget\" data-e-type=\"widget\" data-widget_type=\"image.default\">\n\t\t\t\t<div class=\"elementor-widget-container\">\n\t\t\t\t\t\t\t\t\t\t\t\t\t\t\t<img loading=\"lazy\" decoding=\"async\" width=\"540\" height=\"540\" src=\"https:\/\/www.centromevis.cat\/wp-content\/uploads\/2020\/01\/7.webp\" class=\"attachment-large size-large wp-image-2055\" alt=\"TALLER GESTALT MASCARAS\" srcset=\"https:\/\/www.centromevis.cat\/wp-content\/uploads\/2020\/01\/7.webp 540w, https:\/\/www.centromevis.cat\/wp-content\/uploads\/2020\/01\/7-300x300.jpg 300w, https:\/\/www.centromevis.cat\/wp-content\/uploads\/2020\/01\/7-150x150.jpg 150w\" sizes=\"(max-width: 540px) 100vw, 540px\" \/>\t\t\t\t\t\t\t\t\t\t\t\t\t\t\t<\/div>\n\t\t\t\t<\/div>\n\t\t\t\t\t<\/div>\n\t\t<\/div>\n\t\t\t\t\t<\/div>\n\t\t<\/section>\n\t\t\t\t\t<\/div>\n\t\t<\/div>\n\t\t\t\t\t<\/div>\n\t\t<\/section>\n\t\t\t\t<\/div>\n\t\t","protected":false},"excerpt":{"rendered":"<p>Polaridades Todo es dual: los semejantes y los antag\u00f3nicos son lo mismo. Esto es lo que busca la Psicoterapia Gestalt. La integraci\u00f3n de estos opuestos, de los complementarios. Fechas: 24\/01\/2020 30\/01\/2020 13\/02\/2020 27\/02\/2020 Horario: de 19:00 a 20:30h Precio: 15\u20ac \/ persona\/ Taller. Grupo reducido. El tejido de la vida \u00bbEl \u00fanico amor consecuente, fiel, comprensivo, que todo lo perdona, que nunca nos defrauda, y que nos acompa\u00f1a hasta la muerte es el amor propio\u00bb Fechas: 12\/03\/2020 26\/03\/2020 16\/04\/2020 30\/04\/2020 Horario: de 19:00 a 20:30 Precio: 15\u20ac \/ persona\/taller. Grupo reducido. Soltando a los padres El proceso de sanaci\u00f3n hacia nuestro padre y madre internos pasa por: Reconocer a nuestros padres (ellos tambi\u00e9n llevan sus padres heridos), y por desarrollar nuestra identidad. \u201cHonrar a los padres significa tomarlos tales como son, y honrar la vida significa tomarla y amarla tal como es. 07\/05\/2020 21\/05\/2020 04\/06\/2020 18\/06\/2020 Horario: de 19:00 a&hellip;<\/p>\n<p> <a class=\"more-link\" href=\"https:\/\/www.centromevis.cat\/es\/6-tallers-1-trobada-cada-15-dies\/\">Read more<\/a><\/p>\n","protected":false},"author":2,"featured_media":2095,"comment_status":"closed","ping_status":"closed","sticky":false,"template":"","format":"standard","meta":{"footnotes":""},"categories":[24],"tags":[],"class_list":{"0":"post-2049","1":"post","2":"type-post","3":"status-publish","4":"format-standard","5":"has-post-thumbnail","7":"category-tallers"},"yoast_head":"<!-- This site is optimized with the Yoast SEO plugin v27.5 - https:\/\/yoast.com\/product\/yoast-seo-wordpress\/ -->\n<title>6 Talleres - 1 Encuentro cada 15 d\u00edas - Centro Mevis<\/title>\n<meta name=\"robots\" content=\"index, follow, max-snippet:-1, max-image-preview:large, max-video-preview:-1\" \/>\n<link rel=\"canonical\" href=\"https:\/\/www.centromevis.cat\/es\/6-tallers-1-trobada-cada-15-dies\/\" \/>\n<meta property=\"og:locale\" content=\"es_ES\" \/>\n<meta property=\"og:type\" content=\"article\" \/>\n<meta property=\"og:title\" content=\"6 Talleres - 1 Encuentro cada 15 d\u00edas - Centro Mevis\" \/>\n<meta property=\"og:description\" content=\"Polaridades Todo es dual: los semejantes y los antag\u00f3nicos son lo mismo. Esto es lo que busca la Psicoterapia Gestalt. La integraci\u00f3n de estos opuestos, de los complementarios. Fechas: 24\/01\/2020 30\/01\/2020 13\/02\/2020 27\/02\/2020 Horario: de 19:00 a 20:30h Precio: 15\u20ac \/ persona\/ Taller. Grupo reducido. El tejido de la vida \u00bbEl \u00fanico amor consecuente, fiel, comprensivo, que todo lo perdona, que nunca nos defrauda, y que nos acompa\u00f1a hasta la muerte es el amor propio\u00bb Fechas: 12\/03\/2020 26\/03\/2020 16\/04\/2020 30\/04\/2020 Horario: de 19:00 a 20:30 Precio: 15\u20ac \/ persona\/taller. Grupo reducido. Soltando a los padres El proceso de sanaci\u00f3n hacia nuestro padre y madre internos pasa por: Reconocer a nuestros padres (ellos tambi\u00e9n llevan sus padres heridos), y por desarrollar nuestra identidad. \u201cHonrar a los padres significa tomarlos tales como son, y honrar la vida significa tomarla y amarla tal como es. 07\/05\/2020 21\/05\/2020 04\/06\/2020 18\/06\/2020 Horario: de 19:00 a&hellip;  Read more\" \/>\n<meta property=\"og:url\" content=\"https:\/\/www.centromevis.cat\/es\/6-tallers-1-trobada-cada-15-dies\/\" \/>\n<meta property=\"og:site_name\" content=\"Centro Mevis\" \/>\n<meta property=\"article:publisher\" content=\"https:\/\/www.facebook.com\/centromevis\/\" \/>\n<meta property=\"article:published_time\" content=\"2020-01-18T11:21:40+00:00\" \/>\n<meta property=\"article:modified_time\" content=\"2021-09-27T14:08:48+00:00\" \/>\n<meta property=\"og:image\" content=\"https:\/\/www.centromevis.cat\/wp-content\/uploads\/2020\/01\/d19cc1bba1313dfd8e639fdfda7617c1.jpg\" \/>\n\t<meta property=\"og:image:width\" content=\"560\" \/>\n\t<meta property=\"og:image:height\" content=\"365\" \/>\n\t<meta property=\"og:image:type\" content=\"image\/jpeg\" \/>\n<meta name=\"author\" content=\"Hector\" \/>\n<meta name=\"twitter:card\" content=\"summary_large_image\" \/>\n<meta name=\"twitter:label1\" content=\"Escrito por\" \/>\n\t<meta name=\"twitter:data1\" content=\"Hector\" \/>\n\t<meta name=\"twitter:label2\" content=\"Tiempo de lectura\" \/>\n\t<meta name=\"twitter:data2\" content=\"5 minutos\" \/>\n<script type=\"application\/ld+json\" class=\"yoast-schema-graph\">{\"@context\":\"https:\\\/\\\/schema.org\",\"@graph\":[{\"@type\":\"Article\",\"@id\":\"https:\\\/\\\/www.centromevis.cat\\\/es\\\/6-tallers-1-trobada-cada-15-dies\\\/#article\",\"isPartOf\":{\"@id\":\"https:\\\/\\\/www.centromevis.cat\\\/es\\\/6-tallers-1-trobada-cada-15-dies\\\/\"},\"author\":{\"name\":\"Hector\",\"@id\":\"https:\\\/\\\/www.centromevis.cat\\\/#\\\/schema\\\/person\\\/fa8c2a7502456455787ce96d0e9f8507\"},\"headline\":\"6 Talleres &#8211; 1 Encuentro cada 15 d\u00edas\",\"datePublished\":\"2020-01-18T11:21:40+00:00\",\"dateModified\":\"2021-09-27T14:08:48+00:00\",\"mainEntityOfPage\":{\"@id\":\"https:\\\/\\\/www.centromevis.cat\\\/es\\\/6-tallers-1-trobada-cada-15-dies\\\/\"},\"wordCount\":669,\"publisher\":{\"@id\":\"https:\\\/\\\/www.centromevis.cat\\\/#organization\"},\"image\":{\"@id\":\"https:\\\/\\\/www.centromevis.cat\\\/es\\\/6-tallers-1-trobada-cada-15-dies\\\/#primaryimage\"},\"thumbnailUrl\":\"https:\\\/\\\/www.centromevis.cat\\\/wp-content\\\/uploads\\\/2020\\\/01\\\/d19cc1bba1313dfd8e639fdfda7617c1.webp\",\"articleSection\":[\"Talleres\"],\"inLanguage\":\"es\"},{\"@type\":\"WebPage\",\"@id\":\"https:\\\/\\\/www.centromevis.cat\\\/es\\\/6-tallers-1-trobada-cada-15-dies\\\/\",\"url\":\"https:\\\/\\\/www.centromevis.cat\\\/es\\\/6-tallers-1-trobada-cada-15-dies\\\/\",\"name\":\"6 Talleres - 1 Encuentro cada 15 d\u00edas - Centro Mevis\",\"isPartOf\":{\"@id\":\"https:\\\/\\\/www.centromevis.cat\\\/es\\\/#website\"},\"primaryImageOfPage\":{\"@id\":\"https:\\\/\\\/www.centromevis.cat\\\/es\\\/6-tallers-1-trobada-cada-15-dies\\\/#primaryimage\"},\"image\":{\"@id\":\"https:\\\/\\\/www.centromevis.cat\\\/es\\\/6-tallers-1-trobada-cada-15-dies\\\/#primaryimage\"},\"thumbnailUrl\":\"https:\\\/\\\/www.centromevis.cat\\\/wp-content\\\/uploads\\\/2020\\\/01\\\/d19cc1bba1313dfd8e639fdfda7617c1.webp\",\"datePublished\":\"2020-01-18T11:21:40+00:00\",\"dateModified\":\"2021-09-27T14:08:48+00:00\",\"breadcrumb\":{\"@id\":\"https:\\\/\\\/www.centromevis.cat\\\/es\\\/6-tallers-1-trobada-cada-15-dies\\\/#breadcrumb\"},\"inLanguage\":\"es\",\"potentialAction\":[{\"@type\":\"ReadAction\",\"target\":[[\"https:\\\/\\\/www.centromevis.cat\\\/es\\\/6-tallers-1-trobada-cada-15-dies\\\/\"]]}]},{\"@type\":\"ImageObject\",\"inLanguage\":\"es\",\"@id\":\"https:\\\/\\\/www.centromevis.cat\\\/es\\\/6-tallers-1-trobada-cada-15-dies\\\/#primaryimage\",\"url\":\"https:\\\/\\\/www.centromevis.cat\\\/wp-content\\\/uploads\\\/2020\\\/01\\\/d19cc1bba1313dfd8e639fdfda7617c1.webp\",\"contentUrl\":\"https:\\\/\\\/www.centromevis.cat\\\/wp-content\\\/uploads\\\/2020\\\/01\\\/d19cc1bba1313dfd8e639fdfda7617c1.webp\",\"width\":560,\"height\":365,\"caption\":\"TALLERES\"},{\"@type\":\"BreadcrumbList\",\"@id\":\"https:\\\/\\\/www.centromevis.cat\\\/es\\\/6-tallers-1-trobada-cada-15-dies\\\/#breadcrumb\",\"itemListElement\":[{\"@type\":\"ListItem\",\"position\":1,\"name\":\"Home\",\"item\":\"https:\\\/\\\/www.centromevis.cat\\\/es\\\/\"},{\"@type\":\"ListItem\",\"position\":2,\"name\":\"6 Talleres &#8211; 1 Encuentro cada 15 d\u00edas\"}]},{\"@type\":\"WebSite\",\"@id\":\"https:\\\/\\\/www.centromevis.cat\\\/es\\\/#website\",\"url\":\"https:\\\/\\\/www.centromevis.cat\\\/es\\\/\",\"name\":\"Centro Mevis\",\"description\":\"Platja d&#039;Aro\",\"publisher\":{\"@id\":\"https:\\\/\\\/www.centromevis.cat\\\/es\\\/#organization\"},\"potentialAction\":[{\"@type\":\"SearchAction\",\"target\":{\"@type\":\"EntryPoint\",\"urlTemplate\":\"https:\\\/\\\/www.centromevis.cat\\\/es\\\/?s={search_term_string}\"},\"query-input\":{\"@type\":\"PropertyValueSpecification\",\"valueRequired\":true,\"valueName\":\"search_term_string\"}}],\"inLanguage\":\"es\"},{\"@type\":\"Organization\",\"@id\":\"https:\\\/\\\/www.centromevis.cat\\\/es\\\/#organization\",\"name\":\"CentroMevis\",\"url\":\"https:\\\/\\\/www.centromevis.cat\\\/es\\\/\",\"logo\":{\"@type\":\"ImageObject\",\"inLanguage\":\"es\",\"@id\":\"https:\\\/\\\/www.centromevis.cat\\\/es\\\/#\\\/schema\\\/logo\\\/image\\\/\",\"url\":\"https:\\\/\\\/www.centromevis.cat\\\/wp-content\\\/uploads\\\/2018\\\/01\\\/Centromevis-LGM-.png\",\"contentUrl\":\"https:\\\/\\\/www.centromevis.cat\\\/wp-content\\\/uploads\\\/2018\\\/01\\\/Centromevis-LGM-.png\",\"width\":400,\"height\":69,\"caption\":\"CentroMevis\"},\"image\":{\"@id\":\"https:\\\/\\\/www.centromevis.cat\\\/es\\\/#\\\/schema\\\/logo\\\/image\\\/\"},\"sameAs\":[\"https:\\\/\\\/www.facebook.com\\\/centromevis\\\/\",\"https:\\\/\\\/www.instagram.com\\\/centromevis\\\/\",\"https:\\\/\\\/www.youtube.com\\\/channel\\\/UCoYWLtZB5SfhEb7_i87h2Iw\"]},{\"@type\":\"Person\",\"@id\":\"https:\\\/\\\/www.centromevis.cat\\\/#\\\/schema\\\/person\\\/fa8c2a7502456455787ce96d0e9f8507\",\"name\":\"Hector\"}]}<\/script>\n<!-- \/ Yoast SEO plugin. -->","yoast_head_json":{"title":"6 Talleres - 1 Encuentro cada 15 d\u00edas - Centro Mevis","robots":{"index":"index","follow":"follow","max-snippet":"max-snippet:-1","max-image-preview":"max-image-preview:large","max-video-preview":"max-video-preview:-1"},"canonical":"https:\/\/www.centromevis.cat\/es\/6-tallers-1-trobada-cada-15-dies\/","og_locale":"es_ES","og_type":"article","og_title":"6 Talleres - 1 Encuentro cada 15 d\u00edas - Centro Mevis","og_description":"Polaridades Todo es dual: los semejantes y los antag\u00f3nicos son lo mismo. Esto es lo que busca la Psicoterapia Gestalt. La integraci\u00f3n de estos opuestos, de los complementarios. Fechas: 24\/01\/2020 30\/01\/2020 13\/02\/2020 27\/02\/2020 Horario: de 19:00 a 20:30h Precio: 15\u20ac \/ persona\/ Taller. Grupo reducido. El tejido de la vida \u00bbEl \u00fanico amor consecuente, fiel, comprensivo, que todo lo perdona, que nunca nos defrauda, y que nos acompa\u00f1a hasta la muerte es el amor propio\u00bb Fechas: 12\/03\/2020 26\/03\/2020 16\/04\/2020 30\/04\/2020 Horario: de 19:00 a 20:30 Precio: 15\u20ac \/ persona\/taller. Grupo reducido. Soltando a los padres El proceso de sanaci\u00f3n hacia nuestro padre y madre internos pasa por: Reconocer a nuestros padres (ellos tambi\u00e9n llevan sus padres heridos), y por desarrollar nuestra identidad. \u201cHonrar a los padres significa tomarlos tales como son, y honrar la vida significa tomarla y amarla tal como es. 07\/05\/2020 21\/05\/2020 04\/06\/2020 18\/06\/2020 Horario: de 19:00 a&hellip;  Read more","og_url":"https:\/\/www.centromevis.cat\/es\/6-tallers-1-trobada-cada-15-dies\/","og_site_name":"Centro Mevis","article_publisher":"https:\/\/www.facebook.com\/centromevis\/","article_published_time":"2020-01-18T11:21:40+00:00","article_modified_time":"2021-09-27T14:08:48+00:00","og_image":[{"width":560,"height":365,"url":"https:\/\/www.centromevis.cat\/wp-content\/uploads\/2020\/01\/d19cc1bba1313dfd8e639fdfda7617c1.jpg","type":"image\/jpeg"}],"author":"Hector","twitter_card":"summary_large_image","twitter_misc":{"Escrito por":"Hector","Tiempo de lectura":"5 minutos"},"schema":{"@context":"https:\/\/schema.org","@graph":[{"@type":"Article","@id":"https:\/\/www.centromevis.cat\/es\/6-tallers-1-trobada-cada-15-dies\/#article","isPartOf":{"@id":"https:\/\/www.centromevis.cat\/es\/6-tallers-1-trobada-cada-15-dies\/"},"author":{"name":"Hector","@id":"https:\/\/www.centromevis.cat\/#\/schema\/person\/fa8c2a7502456455787ce96d0e9f8507"},"headline":"6 Talleres &#8211; 1 Encuentro cada 15 d\u00edas","datePublished":"2020-01-18T11:21:40+00:00","dateModified":"2021-09-27T14:08:48+00:00","mainEntityOfPage":{"@id":"https:\/\/www.centromevis.cat\/es\/6-tallers-1-trobada-cada-15-dies\/"},"wordCount":669,"publisher":{"@id":"https:\/\/www.centromevis.cat\/#organization"},"image":{"@id":"https:\/\/www.centromevis.cat\/es\/6-tallers-1-trobada-cada-15-dies\/#primaryimage"},"thumbnailUrl":"https:\/\/www.centromevis.cat\/wp-content\/uploads\/2020\/01\/d19cc1bba1313dfd8e639fdfda7617c1.webp","articleSection":["Talleres"],"inLanguage":"es"},{"@type":"WebPage","@id":"https:\/\/www.centromevis.cat\/es\/6-tallers-1-trobada-cada-15-dies\/","url":"https:\/\/www.centromevis.cat\/es\/6-tallers-1-trobada-cada-15-dies\/","name":"6 Talleres - 1 Encuentro cada 15 d\u00edas - Centro Mevis","isPartOf":{"@id":"https:\/\/www.centromevis.cat\/es\/#website"},"primaryImageOfPage":{"@id":"https:\/\/www.centromevis.cat\/es\/6-tallers-1-trobada-cada-15-dies\/#primaryimage"},"image":{"@id":"https:\/\/www.centromevis.cat\/es\/6-tallers-1-trobada-cada-15-dies\/#primaryimage"},"thumbnailUrl":"https:\/\/www.centromevis.cat\/wp-content\/uploads\/2020\/01\/d19cc1bba1313dfd8e639fdfda7617c1.webp","datePublished":"2020-01-18T11:21:40+00:00","dateModified":"2021-09-27T14:08:48+00:00","breadcrumb":{"@id":"https:\/\/www.centromevis.cat\/es\/6-tallers-1-trobada-cada-15-dies\/#breadcrumb"},"inLanguage":"es","potentialAction":[{"@type":"ReadAction","target":[["https:\/\/www.centromevis.cat\/es\/6-tallers-1-trobada-cada-15-dies\/"]]}]},{"@type":"ImageObject","inLanguage":"es","@id":"https:\/\/www.centromevis.cat\/es\/6-tallers-1-trobada-cada-15-dies\/#primaryimage","url":"https:\/\/www.centromevis.cat\/wp-content\/uploads\/2020\/01\/d19cc1bba1313dfd8e639fdfda7617c1.webp","contentUrl":"https:\/\/www.centromevis.cat\/wp-content\/uploads\/2020\/01\/d19cc1bba1313dfd8e639fdfda7617c1.webp","width":560,"height":365,"caption":"TALLERES"},{"@type":"BreadcrumbList","@id":"https:\/\/www.centromevis.cat\/es\/6-tallers-1-trobada-cada-15-dies\/#breadcrumb","itemListElement":[{"@type":"ListItem","position":1,"name":"Home","item":"https:\/\/www.centromevis.cat\/es\/"},{"@type":"ListItem","position":2,"name":"6 Talleres &#8211; 1 Encuentro cada 15 d\u00edas"}]},{"@type":"WebSite","@id":"https:\/\/www.centromevis.cat\/es\/#website","url":"https:\/\/www.centromevis.cat\/es\/","name":"Centro Mevis","description":"Platja d&#039;Aro","publisher":{"@id":"https:\/\/www.centromevis.cat\/es\/#organization"},"potentialAction":[{"@type":"SearchAction","target":{"@type":"EntryPoint","urlTemplate":"https:\/\/www.centromevis.cat\/es\/?s={search_term_string}"},"query-input":{"@type":"PropertyValueSpecification","valueRequired":true,"valueName":"search_term_string"}}],"inLanguage":"es"},{"@type":"Organization","@id":"https:\/\/www.centromevis.cat\/es\/#organization","name":"CentroMevis","url":"https:\/\/www.centromevis.cat\/es\/","logo":{"@type":"ImageObject","inLanguage":"es","@id":"https:\/\/www.centromevis.cat\/es\/#\/schema\/logo\/image\/","url":"https:\/\/www.centromevis.cat\/wp-content\/uploads\/2018\/01\/Centromevis-LGM-.png","contentUrl":"https:\/\/www.centromevis.cat\/wp-content\/uploads\/2018\/01\/Centromevis-LGM-.png","width":400,"height":69,"caption":"CentroMevis"},"image":{"@id":"https:\/\/www.centromevis.cat\/es\/#\/schema\/logo\/image\/"},"sameAs":["https:\/\/www.facebook.com\/centromevis\/","https:\/\/www.instagram.com\/centromevis\/","https:\/\/www.youtube.com\/channel\/UCoYWLtZB5SfhEb7_i87h2Iw"]},{"@type":"Person","@id":"https:\/\/www.centromevis.cat\/#\/schema\/person\/fa8c2a7502456455787ce96d0e9f8507","name":"Hector"}]}},"_links":{"self":[{"href":"https:\/\/www.centromevis.cat\/es\/wp-json\/wp\/v2\/posts\/2049","targetHints":{"allow":["GET"]}}],"collection":[{"href":"https:\/\/www.centromevis.cat\/es\/wp-json\/wp\/v2\/posts"}],"about":[{"href":"https:\/\/www.centromevis.cat\/es\/wp-json\/wp\/v2\/types\/post"}],"author":[{"embeddable":true,"href":"https:\/\/www.centromevis.cat\/es\/wp-json\/wp\/v2\/users\/2"}],"replies":[{"embeddable":true,"href":"https:\/\/www.centromevis.cat\/es\/wp-json\/wp\/v2\/comments?post=2049"}],"version-history":[{"count":0,"href":"https:\/\/www.centromevis.cat\/es\/wp-json\/wp\/v2\/posts\/2049\/revisions"}],"wp:featuredmedia":[{"embeddable":true,"href":"https:\/\/www.centromevis.cat\/es\/wp-json\/wp\/v2\/media\/2095"}],"wp:attachment":[{"href":"https:\/\/www.centromevis.cat\/es\/wp-json\/wp\/v2\/media?parent=2049"}],"wp:term":[{"taxonomy":"category","embeddable":true,"href":"https:\/\/www.centromevis.cat\/es\/wp-json\/wp\/v2\/categories?post=2049"},{"taxonomy":"post_tag","embeddable":true,"href":"https:\/\/www.centromevis.cat\/es\/wp-json\/wp\/v2\/tags?post=2049"}],"curies":[{"name":"wp","href":"https:\/\/api.w.org\/{rel}","templated":true}]}}