{"id":1963,"date":"2019-04-05T22:58:43","date_gmt":"2019-04-05T20:58:43","guid":{"rendered":"https:\/\/centromevis.cat\/?p=1963"},"modified":"2022-12-31T12:06:08","modified_gmt":"2022-12-31T11:06:08","slug":"taller-vivencial-descobrint-me","status":"publish","type":"post","link":"https:\/\/www.centromevis.cat\/es\/taller-vivencial-descobrint-me\/","title":{"rendered":"Taller vivencial descubri\u00e9ndome"},"content":{"rendered":"<p><\/p>\n<p style=\"text-align: justify;\">Nuevo taller vivencial para este mes de Abril.<\/p>\n<p>Toma nota: d\u00eda 13, de <strong>16:00h a 20:00h<\/strong><\/p>\n<h3>\u00bfQuieres descubrir cu\u00e1l es tu potencial?<\/h3>\n<p style=\"text-align: justify;\">Te ayudamos a conocer m\u00e1s sobre ti, a fomentar tu crecimiento personal.<\/p>\n<p>A cargo de <a href=\"https:\/\/centromevis.cat\/our-team\/hector-villasenor\/\"><strong>Hector Villase\u00f1or<\/strong><\/a> y <a href=\"https:\/\/centromevis.cat\/our-team\/agnes-moral\/\"><strong>Agn\u00e8s Moral<\/strong><\/a>.<\/p>\n<p style=\"text-align: justify;\">Ll\u00e1manos y te explicamos m\u00e1s sobre este nuevo taller vivencial: <strong><a href=\"tel:872212547\">872 212 547<\/a><\/strong><\/p>\n<p><img decoding=\"async\" class=\"aligncenter size-full wp-image-1965\" src=\"https:\/\/centromevis.cat\/wp-content\/uploads\/2019\/04\/Taller-vivencial-Descobrint-me-Abril-2019-Poster.jpg\" alt=\"Taller vivencial Descubri\u00e9ndome - Abril 2019 | Centromevis\" width=\"812\" height=\"960\" \/><\/p>","protected":false},"excerpt":{"rendered":"<p>Nuevo taller vivencial para este mes de Abril. Toma nota: d\u00eda 13, de 16:00h a 20:00h \u00bfQuieres descubrir cu\u00e1l es tu potencial? Te ayudamos a conocer m\u00e1s sobre ti, a fomentar tu crecimiento personal. A cargo de Hector Villase\u00f1or y Agn\u00e8s Moral. Ll\u00e1manos y te explicamos m\u00e1s sobre este nuevo taller vivencial: 872 212 547<\/p>\n","protected":false},"author":1,"featured_media":1964,"comment_status":"closed","ping_status":"closed","sticky":false,"template":"","format":"standard","meta":{"footnotes":""},"categories":[24],"tags":[],"class_list":{"0":"post-1963","1":"post","2":"type-post","3":"status-publish","4":"format-standard","5":"has-post-thumbnail","7":"category-tallers"},"yoast_head":"<!-- This site is optimized with the Yoast SEO plugin v27.4 - https:\/\/yoast.com\/product\/yoast-seo-wordpress\/ -->\n<title>Taller vivencial descubri\u00e9ndome - Centro Mevis<\/title>\n<meta name=\"robots\" content=\"index, follow, max-snippet:-1, max-image-preview:large, max-video-preview:-1\" \/>\n<link rel=\"canonical\" href=\"https:\/\/www.centromevis.cat\/es\/taller-vivencial-descobrint-me\/\" \/>\n<meta property=\"og:locale\" content=\"es_ES\" \/>\n<meta property=\"og:type\" content=\"article\" \/>\n<meta property=\"og:title\" content=\"Taller vivencial descubri\u00e9ndome - Centro Mevis\" \/>\n<meta property=\"og:description\" content=\"Nuevo taller vivencial para este mes de Abril. Toma nota: d\u00eda 13, de 16:00h a 20:00h \u00bfQuieres descubrir cu\u00e1l es tu potencial? Te ayudamos a conocer m\u00e1s sobre ti, a fomentar tu crecimiento personal. A cargo de Hector Villase\u00f1or y Agn\u00e8s Moral. Ll\u00e1manos y te explicamos m\u00e1s sobre este nuevo taller vivencial: 872 212 547\" \/>\n<meta property=\"og:url\" content=\"https:\/\/www.centromevis.cat\/es\/taller-vivencial-descobrint-me\/\" \/>\n<meta property=\"og:site_name\" content=\"Centro Mevis\" \/>\n<meta property=\"article:publisher\" content=\"https:\/\/www.facebook.com\/centromevis\/\" \/>\n<meta property=\"article:published_time\" content=\"2019-04-05T20:58:43+00:00\" \/>\n<meta property=\"article:modified_time\" content=\"2022-12-31T11:06:08+00:00\" \/>\n<meta property=\"og:image\" content=\"https:\/\/www.centromevis.cat\/wp-content\/uploads\/2019\/04\/Taller-vivencial-Descobrint-me-Abril-2019.jpg\" \/>\n\t<meta property=\"og:image:width\" content=\"847\" \/>\n\t<meta property=\"og:image:height\" content=\"475\" \/>\n\t<meta property=\"og:image:type\" content=\"image\/jpeg\" \/>\n<meta name=\"author\" content=\"Centro Mevis\" \/>\n<meta name=\"twitter:card\" content=\"summary_large_image\" \/>\n<meta name=\"twitter:label1\" content=\"Escrito por\" \/>\n\t<meta name=\"twitter:data1\" content=\"Centro Mevis\" \/>\n\t<meta name=\"twitter:label2\" content=\"Tiempo de lectura\" \/>\n\t<meta name=\"twitter:data2\" content=\"1 minuto\" \/>\n<script type=\"application\/ld+json\" class=\"yoast-schema-graph\">{\"@context\":\"https:\\\/\\\/schema.org\",\"@graph\":[{\"@type\":\"Article\",\"@id\":\"https:\\\/\\\/www.centromevis.cat\\\/taller-vivencial-descobrint-me\\\/#article\",\"isPartOf\":{\"@id\":\"https:\\\/\\\/www.centromevis.cat\\\/taller-vivencial-descobrint-me\\\/\"},\"author\":{\"name\":\"Centro Mevis\",\"@id\":\"https:\\\/\\\/www.centromevis.cat\\\/#\\\/schema\\\/person\\\/f05d7af4f9dc88e6c04c68d46b1e80c0\"},\"headline\":\"Taller vivencial descubri\u00e9ndome\",\"datePublished\":\"2019-04-05T20:58:43+00:00\",\"dateModified\":\"2022-12-31T11:06:08+00:00\",\"mainEntityOfPage\":{\"@id\":\"https:\\\/\\\/www.centromevis.cat\\\/taller-vivencial-descobrint-me\\\/\"},\"wordCount\":129,\"publisher\":{\"@id\":\"https:\\\/\\\/www.centromevis.cat\\\/#organization\"},\"image\":{\"@id\":\"https:\\\/\\\/www.centromevis.cat\\\/taller-vivencial-descobrint-me\\\/#primaryimage\"},\"thumbnailUrl\":\"https:\\\/\\\/www.centromevis.cat\\\/wp-content\\\/uploads\\\/2019\\\/04\\\/Taller-vivencial-Descobrint-me-Abril-2019.webp\",\"articleSection\":[\"Talleres\"],\"inLanguage\":\"es\"},{\"@type\":\"WebPage\",\"@id\":\"https:\\\/\\\/www.centromevis.cat\\\/es\\\/taller-vivencial-descobrint-me\\\/\",\"url\":\"https:\\\/\\\/www.centromevis.cat\\\/es\\\/taller-vivencial-descobrint-me\\\/\",\"name\":\"Taller vivencial descubri\u00e9ndome - Centro Mevis\",\"isPartOf\":{\"@id\":\"https:\\\/\\\/www.centromevis.cat\\\/es\\\/#website\"},\"primaryImageOfPage\":{\"@id\":\"https:\\\/\\\/www.centromevis.cat\\\/es\\\/taller-vivencial-descobrint-me\\\/#primaryimage\"},\"image\":{\"@id\":\"https:\\\/\\\/www.centromevis.cat\\\/taller-vivencial-descobrint-me\\\/#primaryimage\"},\"thumbnailUrl\":\"https:\\\/\\\/www.centromevis.cat\\\/wp-content\\\/uploads\\\/2019\\\/04\\\/Taller-vivencial-Descobrint-me-Abril-2019.webp\",\"datePublished\":\"2019-04-05T20:58:43+00:00\",\"dateModified\":\"2022-12-31T11:06:08+00:00\",\"breadcrumb\":{\"@id\":\"https:\\\/\\\/www.centromevis.cat\\\/es\\\/taller-vivencial-descobrint-me\\\/#breadcrumb\"},\"inLanguage\":\"es\",\"potentialAction\":[{\"@type\":\"ReadAction\",\"target\":[[\"https:\\\/\\\/www.centromevis.cat\\\/es\\\/taller-vivencial-descobrint-me\\\/\"]]}]},{\"@type\":\"ImageObject\",\"inLanguage\":\"es\",\"@id\":\"https:\\\/\\\/www.centromevis.cat\\\/es\\\/taller-vivencial-descobrint-me\\\/#primaryimage\",\"url\":\"https:\\\/\\\/www.centromevis.cat\\\/wp-content\\\/uploads\\\/2019\\\/04\\\/Taller-vivencial-Descobrint-me-Abril-2019.webp\",\"contentUrl\":\"https:\\\/\\\/www.centromevis.cat\\\/wp-content\\\/uploads\\\/2019\\\/04\\\/Taller-vivencial-Descobrint-me-Abril-2019.webp\",\"width\":847,\"height\":475,\"caption\":\"Taller vivencial Descobrint-me - Abril 2019 | Centromevis\"},{\"@type\":\"BreadcrumbList\",\"@id\":\"https:\\\/\\\/www.centromevis.cat\\\/es\\\/taller-vivencial-descobrint-me\\\/#breadcrumb\",\"itemListElement\":[{\"@type\":\"ListItem\",\"position\":1,\"name\":\"Home\",\"item\":\"https:\\\/\\\/www.centromevis.cat\\\/es\\\/\"},{\"@type\":\"ListItem\",\"position\":2,\"name\":\"Taller vivencial descubri\u00e9ndome\"}]},{\"@type\":\"WebSite\",\"@id\":\"https:\\\/\\\/www.centromevis.cat\\\/es\\\/#website\",\"url\":\"https:\\\/\\\/www.centromevis.cat\\\/es\\\/\",\"name\":\"Centro Mevis\",\"description\":\"Platja d&#039;Aro\",\"publisher\":{\"@id\":\"https:\\\/\\\/www.centromevis.cat\\\/es\\\/#organization\"},\"potentialAction\":[{\"@type\":\"SearchAction\",\"target\":{\"@type\":\"EntryPoint\",\"urlTemplate\":\"https:\\\/\\\/www.centromevis.cat\\\/es\\\/?s={search_term_string}\"},\"query-input\":{\"@type\":\"PropertyValueSpecification\",\"valueRequired\":true,\"valueName\":\"search_term_string\"}}],\"inLanguage\":\"es\"},{\"@type\":\"Organization\",\"@id\":\"https:\\\/\\\/www.centromevis.cat\\\/es\\\/#organization\",\"name\":\"CentroMevis\",\"url\":\"https:\\\/\\\/www.centromevis.cat\\\/es\\\/\",\"logo\":{\"@type\":\"ImageObject\",\"inLanguage\":\"es\",\"@id\":\"https:\\\/\\\/www.centromevis.cat\\\/es\\\/#\\\/schema\\\/logo\\\/image\\\/\",\"url\":\"https:\\\/\\\/www.centromevis.cat\\\/wp-content\\\/uploads\\\/2018\\\/01\\\/Centromevis-LGM-.png\",\"contentUrl\":\"https:\\\/\\\/www.centromevis.cat\\\/wp-content\\\/uploads\\\/2018\\\/01\\\/Centromevis-LGM-.png\",\"width\":400,\"height\":69,\"caption\":\"CentroMevis\"},\"image\":{\"@id\":\"https:\\\/\\\/www.centromevis.cat\\\/es\\\/#\\\/schema\\\/logo\\\/image\\\/\"},\"sameAs\":[\"https:\\\/\\\/www.facebook.com\\\/centromevis\\\/\",\"https:\\\/\\\/www.instagram.com\\\/centromevis\\\/\",\"https:\\\/\\\/www.youtube.com\\\/channel\\\/UCoYWLtZB5SfhEb7_i87h2Iw\"]},{\"@type\":\"Person\",\"@id\":\"https:\\\/\\\/www.centromevis.cat\\\/#\\\/schema\\\/person\\\/f05d7af4f9dc88e6c04c68d46b1e80c0\",\"name\":\"Centro Mevis\"}]}<\/script>\n<!-- \/ Yoast SEO plugin. -->","yoast_head_json":{"title":"Taller vivencial descubri\u00e9ndome - Centro Mevis","robots":{"index":"index","follow":"follow","max-snippet":"max-snippet:-1","max-image-preview":"max-image-preview:large","max-video-preview":"max-video-preview:-1"},"canonical":"https:\/\/www.centromevis.cat\/es\/taller-vivencial-descobrint-me\/","og_locale":"es_ES","og_type":"article","og_title":"Taller vivencial descubri\u00e9ndome - Centro Mevis","og_description":"Nuevo taller vivencial para este mes de Abril. Toma nota: d\u00eda 13, de 16:00h a 20:00h \u00bfQuieres descubrir cu\u00e1l es tu potencial? Te ayudamos a conocer m\u00e1s sobre ti, a fomentar tu crecimiento personal. A cargo de Hector Villase\u00f1or y Agn\u00e8s Moral. Ll\u00e1manos y te explicamos m\u00e1s sobre este nuevo taller vivencial: 872 212 547","og_url":"https:\/\/www.centromevis.cat\/es\/taller-vivencial-descobrint-me\/","og_site_name":"Centro Mevis","article_publisher":"https:\/\/www.facebook.com\/centromevis\/","article_published_time":"2019-04-05T20:58:43+00:00","article_modified_time":"2022-12-31T11:06:08+00:00","og_image":[{"width":847,"height":475,"url":"https:\/\/www.centromevis.cat\/wp-content\/uploads\/2019\/04\/Taller-vivencial-Descobrint-me-Abril-2019.jpg","type":"image\/jpeg"}],"author":"Centro Mevis","twitter_card":"summary_large_image","twitter_misc":{"Escrito por":"Centro Mevis","Tiempo de lectura":"1 minuto"},"schema":{"@context":"https:\/\/schema.org","@graph":[{"@type":"Article","@id":"https:\/\/www.centromevis.cat\/taller-vivencial-descobrint-me\/#article","isPartOf":{"@id":"https:\/\/www.centromevis.cat\/taller-vivencial-descobrint-me\/"},"author":{"name":"Centro Mevis","@id":"https:\/\/www.centromevis.cat\/#\/schema\/person\/f05d7af4f9dc88e6c04c68d46b1e80c0"},"headline":"Taller vivencial descubri\u00e9ndome","datePublished":"2019-04-05T20:58:43+00:00","dateModified":"2022-12-31T11:06:08+00:00","mainEntityOfPage":{"@id":"https:\/\/www.centromevis.cat\/taller-vivencial-descobrint-me\/"},"wordCount":129,"publisher":{"@id":"https:\/\/www.centromevis.cat\/#organization"},"image":{"@id":"https:\/\/www.centromevis.cat\/taller-vivencial-descobrint-me\/#primaryimage"},"thumbnailUrl":"https:\/\/www.centromevis.cat\/wp-content\/uploads\/2019\/04\/Taller-vivencial-Descobrint-me-Abril-2019.webp","articleSection":["Talleres"],"inLanguage":"es"},{"@type":"WebPage","@id":"https:\/\/www.centromevis.cat\/es\/taller-vivencial-descobrint-me\/","url":"https:\/\/www.centromevis.cat\/es\/taller-vivencial-descobrint-me\/","name":"Taller vivencial descubri\u00e9ndome - Centro Mevis","isPartOf":{"@id":"https:\/\/www.centromevis.cat\/es\/#website"},"primaryImageOfPage":{"@id":"https:\/\/www.centromevis.cat\/es\/taller-vivencial-descobrint-me\/#primaryimage"},"image":{"@id":"https:\/\/www.centromevis.cat\/taller-vivencial-descobrint-me\/#primaryimage"},"thumbnailUrl":"https:\/\/www.centromevis.cat\/wp-content\/uploads\/2019\/04\/Taller-vivencial-Descobrint-me-Abril-2019.webp","datePublished":"2019-04-05T20:58:43+00:00","dateModified":"2022-12-31T11:06:08+00:00","breadcrumb":{"@id":"https:\/\/www.centromevis.cat\/es\/taller-vivencial-descobrint-me\/#breadcrumb"},"inLanguage":"es","potentialAction":[{"@type":"ReadAction","target":[["https:\/\/www.centromevis.cat\/es\/taller-vivencial-descobrint-me\/"]]}]},{"@type":"ImageObject","inLanguage":"es","@id":"https:\/\/www.centromevis.cat\/es\/taller-vivencial-descobrint-me\/#primaryimage","url":"https:\/\/www.centromevis.cat\/wp-content\/uploads\/2019\/04\/Taller-vivencial-Descobrint-me-Abril-2019.webp","contentUrl":"https:\/\/www.centromevis.cat\/wp-content\/uploads\/2019\/04\/Taller-vivencial-Descobrint-me-Abril-2019.webp","width":847,"height":475,"caption":"Taller vivencial Descobrint-me - Abril 2019 | Centromevis"},{"@type":"BreadcrumbList","@id":"https:\/\/www.centromevis.cat\/es\/taller-vivencial-descobrint-me\/#breadcrumb","itemListElement":[{"@type":"ListItem","position":1,"name":"Home","item":"https:\/\/www.centromevis.cat\/es\/"},{"@type":"ListItem","position":2,"name":"Taller vivencial descubri\u00e9ndome"}]},{"@type":"WebSite","@id":"https:\/\/www.centromevis.cat\/es\/#website","url":"https:\/\/www.centromevis.cat\/es\/","name":"Centro Mevis","description":"Platja d&#039;Aro","publisher":{"@id":"https:\/\/www.centromevis.cat\/es\/#organization"},"potentialAction":[{"@type":"SearchAction","target":{"@type":"EntryPoint","urlTemplate":"https:\/\/www.centromevis.cat\/es\/?s={search_term_string}"},"query-input":{"@type":"PropertyValueSpecification","valueRequired":true,"valueName":"search_term_string"}}],"inLanguage":"es"},{"@type":"Organization","@id":"https:\/\/www.centromevis.cat\/es\/#organization","name":"CentroMevis","url":"https:\/\/www.centromevis.cat\/es\/","logo":{"@type":"ImageObject","inLanguage":"es","@id":"https:\/\/www.centromevis.cat\/es\/#\/schema\/logo\/image\/","url":"https:\/\/www.centromevis.cat\/wp-content\/uploads\/2018\/01\/Centromevis-LGM-.png","contentUrl":"https:\/\/www.centromevis.cat\/wp-content\/uploads\/2018\/01\/Centromevis-LGM-.png","width":400,"height":69,"caption":"CentroMevis"},"image":{"@id":"https:\/\/www.centromevis.cat\/es\/#\/schema\/logo\/image\/"},"sameAs":["https:\/\/www.facebook.com\/centromevis\/","https:\/\/www.instagram.com\/centromevis\/","https:\/\/www.youtube.com\/channel\/UCoYWLtZB5SfhEb7_i87h2Iw"]},{"@type":"Person","@id":"https:\/\/www.centromevis.cat\/#\/schema\/person\/f05d7af4f9dc88e6c04c68d46b1e80c0","name":"Centro Mevis"}]}},"_links":{"self":[{"href":"https:\/\/www.centromevis.cat\/es\/wp-json\/wp\/v2\/posts\/1963","targetHints":{"allow":["GET"]}}],"collection":[{"href":"https:\/\/www.centromevis.cat\/es\/wp-json\/wp\/v2\/posts"}],"about":[{"href":"https:\/\/www.centromevis.cat\/es\/wp-json\/wp\/v2\/types\/post"}],"author":[{"embeddable":true,"href":"https:\/\/www.centromevis.cat\/es\/wp-json\/wp\/v2\/users\/1"}],"replies":[{"embeddable":true,"href":"https:\/\/www.centromevis.cat\/es\/wp-json\/wp\/v2\/comments?post=1963"}],"version-history":[{"count":0,"href":"https:\/\/www.centromevis.cat\/es\/wp-json\/wp\/v2\/posts\/1963\/revisions"}],"wp:featuredmedia":[{"embeddable":true,"href":"https:\/\/www.centromevis.cat\/es\/wp-json\/wp\/v2\/media\/1964"}],"wp:attachment":[{"href":"https:\/\/www.centromevis.cat\/es\/wp-json\/wp\/v2\/media?parent=1963"}],"wp:term":[{"taxonomy":"category","embeddable":true,"href":"https:\/\/www.centromevis.cat\/es\/wp-json\/wp\/v2\/categories?post=1963"},{"taxonomy":"post_tag","embeddable":true,"href":"https:\/\/www.centromevis.cat\/es\/wp-json\/wp\/v2\/tags?post=1963"}],"curies":[{"name":"wp","href":"https:\/\/api.w.org\/{rel}","templated":true}]}}